{"id":122634,"date":"2021-07-28T13:24:10","date_gmt":"2021-07-28T17:24:10","guid":{"rendered":"https:\/\/linitiative.ca\/International\/israel-afrique-et-libye-les-atouts-de-la-politique-etrangere-du-maroc-the-brookings-institute\/"},"modified":"2021-07-28T13:24:10","modified_gmt":"2021-07-28T17:24:10","slug":"israel-afrique-et-libye-les-atouts-de-la-politique-etrangere-du-maroc-the-brookings-institute","status":"publish","type":"post","link":"https:\/\/linitiative.ca\/International\/israel-afrique-et-libye-les-atouts-de-la-politique-etrangere-du-maroc-the-brookings-institute\/","title":{"rendered":"Isra\u00ebl, Afrique et Libye : les atouts de la politique \u00e9trang\u00e8re du Maroc [The Brookings Institute]"},"content":{"rendered":"<div><img decoding=\"async\" width=\"2268\" height=\"1512\" src=\"https:\/\/linitiative.ca\/International\/wp-content\/uploads\/sites\/23\/2021\/07\/MAPPH_20201222_0039_AZZOUZ-BOUKALLOUCH_map.jpg\" class=\"attachment-post-thumbnail size-post-thumbnail wp-post-image\" alt=\"\" loading=\"lazy\" srcset=\"https:\/\/linitiative.ca\/International\/wp-content\/uploads\/sites\/23\/2021\/07\/MAPPH_20201222_0039_AZZOUZ-BOUKALLOUCH_map.jpg 2268w, https:\/\/www.challenge.ma\/wp-content\/uploads\/2021\/07\/MAPPH_20201222_0039_AZZOUZ-BOUKALLOUCH_map-300x200.jpg 300w, https:\/\/www.challenge.ma\/wp-content\/uploads\/2021\/07\/MAPPH_20201222_0039_AZZOUZ-BOUKALLOUCH_map-1024x683.jpg 1024w, https:\/\/www.challenge.ma\/wp-content\/uploads\/2021\/07\/MAPPH_20201222_0039_AZZOUZ-BOUKALLOUCH_map-768x512.jpg 768w, https:\/\/www.challenge.ma\/wp-content\/uploads\/2021\/07\/MAPPH_20201222_0039_AZZOUZ-BOUKALLOUCH_map-1536x1024.jpg 1536w\" sizes=\"auto, (max-width: 2268px) 100vw, 2268px\" itemprop=\"image\">La politique \u00e9trang\u00e8re marocaine a suscit\u00e9 une attention particuli\u00e8re ces derniers mois dans un contexte de tensions avec l\u2019Union europ\u00e9enne, des pourparlers en vue d\u2019un rapprochement ult\u00e9rieur avec Isra\u00ebl et des positions plus fermes vis-\u00e0-vis de son implication dans le processus de paix libyen et de sa revendication sur le<\/div>\n<p>Auteur: challenge<br \/>\n<a href=\"https:\/\/www.challenge.ma\/israel-afrique-et-libye-les-atouts-de-la-politique-etrangere-du-maroc-the-brookings-institute-194115\/\">Cliquez ici pour lire l&rsquo;article depuis sa source.<\/a><\/p>\n","protected":false},"excerpt":{"rendered":"<p>La politique \u00e9trang\u00e8re marocaine a suscit\u00e9 une attention particuli\u00e8re ces derniers mois dans un contexte de tensions avec l\u2019Union europ\u00e9enne, des pourparlers en vue d\u2019un rapprochement ult\u00e9rieur avec Isra\u00ebl et des positions plus fermes vis-\u00e0-vis de son implication dans le processus de paix libyen et de sa revendication sur le Auteur: challenge Cliquez ici pour [&hellip;]<\/p>\n","protected":false},"author":1787,"featured_media":0,"comment_status":"closed","ping_status":"closed","sticky":false,"template":"","format":"standard","meta":{"fifu_image_url":"https:\/\/www.challenge.ma\/wp-content\/uploads\/2021\/07\/MAPPH_20201222_0039_AZZOUZ-BOUKALLOUCH_map.jpg","fifu_image_alt":"Isra\u00ebl, Afrique et Libye : les atouts de la politique \u00e9trang\u00e8re du Maroc [The Brookings Institute]","footnotes":""},"categories":[78,54],"tags":[],"class_list":["post-122634","post","type-post","status-publish","format-standard","hentry","category-economie","category-maroc"],"_links":{"self":[{"href":"https:\/\/linitiative.ca\/International\/wp-json\/wp\/v2\/posts\/122634","targetHints":{"allow":["GET"]}}],"collection":[{"href":"https:\/\/linitiative.ca\/International\/wp-json\/wp\/v2\/posts"}],"about":[{"href":"https:\/\/linitiative.ca\/International\/wp-json\/wp\/v2\/types\/post"}],"author":[{"embeddable":true,"href":"https:\/\/linitiative.ca\/International\/wp-json\/wp\/v2\/users\/1787"}],"replies":[{"embeddable":true,"href":"https:\/\/linitiative.ca\/International\/wp-json\/wp\/v2\/comments?post=122634"}],"version-history":[{"count":0,"href":"https:\/\/linitiative.ca\/International\/wp-json\/wp\/v2\/posts\/122634\/revisions"}],"wp:attachment":[{"href":"https:\/\/linitiative.ca\/International\/wp-json\/wp\/v2\/media?parent=122634"}],"wp:term":[{"taxonomy":"category","embeddable":true,"href":"https:\/\/linitiative.ca\/International\/wp-json\/wp\/v2\/categories?post=122634"},{"taxonomy":"post_tag","embeddable":true,"href":"https:\/\/linitiative.ca\/International\/wp-json\/wp\/v2\/tags?post=122634"}],"curies":[{"name":"wp","href":"https:\/\/api.w.org\/{rel}","templated":true}]}}