{"id":122639,"date":"2021-07-28T16:30:05","date_gmt":"2021-07-28T20:30:05","guid":{"rendered":"https:\/\/linitiative.ca\/International\/tunisie-nomination-du-nouveau-chef-du-gouvernement-le-signal-attendu-par-les-places-financieres-et-les-partenaires-etrangers\/"},"modified":"2021-07-28T16:30:05","modified_gmt":"2021-07-28T20:30:05","slug":"tunisie-nomination-du-nouveau-chef-du-gouvernement-le-signal-attendu-par-les-places-financieres-et-les-partenaires-etrangers","status":"publish","type":"post","link":"https:\/\/linitiative.ca\/International\/tunisie-nomination-du-nouveau-chef-du-gouvernement-le-signal-attendu-par-les-places-financieres-et-les-partenaires-etrangers\/","title":{"rendered":"Tunisie \u2013 Nomination du nouveau chef du gouvernement\u00a0: Le signal attendu par les places financi\u00e8res et les partenaires \u00e9trangers"},"content":{"rendered":"<div>\n<p>Le pr\u00e9sident de la R\u00e9publique, qui a mis fin aux fonctions du chef du gouvernement Hichem Mechichi, depuis 3 jours, ne semble pas avoir, \u00e0 ce jour, d\u00e9cid\u00e9 de l\u2019identit\u00e9 de son successeur. Si les noms fuit\u00e9s comprennent, en t\u00eate de liste, les hommes de confiance du pr\u00e9sident suivis par les comp\u00e9tences \u00e9conomiques, on comprend [\u2026]<\/p>\n<p>L\u2019article <a href=\"https:\/\/www.tunisienumerique.com\/tunisie-nomination-du-nouveau-chef-du-gouvernement-le-signal-attendu-par-les-places-financieres-et-les-partenaires-etrangers\/\">Tunisie \u2013 Nomination du nouveau chef du gouvernement\u00a0: Le signal attendu par les places financi\u00e8res et les partenaires \u00e9trangers<\/a> est apparu en premier sur <a href=\"https:\/\/www.tunisienumerique.com\/\">Tunisie<\/a>.<\/p>\n<\/div>\n<p>Auteur: Saber .<br \/>\n<a href=\"https:\/\/www.tunisienumerique.com\/tunisie-nomination-du-nouveau-chef-du-gouvernement-le-signal-attendu-par-les-places-financieres-et-les-partenaires-etrangers\/\">Cliquez ici pour lire l&rsquo;article depuis sa source.<\/a><\/p>\n","protected":false},"excerpt":{"rendered":"<p>Le pr\u00e9sident de la R\u00e9publique, qui a mis fin aux fonctions du chef du gouvernement Hichem Mechichi, depuis 3 jours, ne semble pas avoir, \u00e0 ce jour, d\u00e9cid\u00e9 de l\u2019identit\u00e9 de son successeur. Si les noms fuit\u00e9s comprennent, en t\u00eate de liste, les hommes de confiance du pr\u00e9sident suivis par les comp\u00e9tences \u00e9conomiques, on comprend [&hellip;]<\/p>\n","protected":false},"author":1789,"featured_media":0,"comment_status":"closed","ping_status":"closed","sticky":false,"template":"","format":"standard","meta":{"fifu_image_url":"","fifu_image_alt":"","footnotes":""},"categories":[73,55],"tags":[],"class_list":["post-122639","post","type-post","status-publish","format-standard","hentry","category-actualite","category-tunisie"],"_links":{"self":[{"href":"https:\/\/linitiative.ca\/International\/wp-json\/wp\/v2\/posts\/122639","targetHints":{"allow":["GET"]}}],"collection":[{"href":"https:\/\/linitiative.ca\/International\/wp-json\/wp\/v2\/posts"}],"about":[{"href":"https:\/\/linitiative.ca\/International\/wp-json\/wp\/v2\/types\/post"}],"author":[{"embeddable":true,"href":"https:\/\/linitiative.ca\/International\/wp-json\/wp\/v2\/users\/1789"}],"replies":[{"embeddable":true,"href":"https:\/\/linitiative.ca\/International\/wp-json\/wp\/v2\/comments?post=122639"}],"version-history":[{"count":0,"href":"https:\/\/linitiative.ca\/International\/wp-json\/wp\/v2\/posts\/122639\/revisions"}],"wp:attachment":[{"href":"https:\/\/linitiative.ca\/International\/wp-json\/wp\/v2\/media?parent=122639"}],"wp:term":[{"taxonomy":"category","embeddable":true,"href":"https:\/\/linitiative.ca\/International\/wp-json\/wp\/v2\/categories?post=122639"},{"taxonomy":"post_tag","embeddable":true,"href":"https:\/\/linitiative.ca\/International\/wp-json\/wp\/v2\/tags?post=122639"}],"curies":[{"name":"wp","href":"https:\/\/api.w.org\/{rel}","templated":true}]}}