{"id":122640,"date":"2021-07-28T16:49:14","date_gmt":"2021-07-28T20:49:14","guid":{"rendered":"https:\/\/linitiative.ca\/International\/tunisie-derniere-minute-limogeage-du-pdg-de-la-television-nationale\/"},"modified":"2021-07-28T16:49:14","modified_gmt":"2021-07-28T20:49:14","slug":"tunisie-derniere-minute-limogeage-du-pdg-de-la-television-nationale","status":"publish","type":"post","link":"https:\/\/linitiative.ca\/International\/tunisie-derniere-minute-limogeage-du-pdg-de-la-television-nationale\/","title":{"rendered":"Tunisie \u2013 DERNIERE MINUTE\u00a0: Limogeage du PDG de la T\u00e9l\u00e9vision nationale"},"content":{"rendered":"<div>\n<p>Suite \u00e0 l\u2019interdiction de l\u2019acc\u00e8s des studios de la TV Nationale, cet apr\u00e8s midi, aux repr\u00e9sentants de la soci\u00e9t\u00e9 civile qui \u00e9taient invit\u00e9s \u00e0 animer des plateaux TV, le pr\u00e9sident de la R\u00e9publique, Ka\u00efs Sa\u00efed a d\u00e9cid\u00e9 de limoger le PDG de la t\u00e9l\u00e9vision nationale, Mohamed Lassa\u00e2d Dahech, et de charger l\u2019int\u00e9rim de la pr\u00e9sidence [\u2026]<\/p>\n<p>L\u2019article <a href=\"https:\/\/www.tunisienumerique.com\/tunisie-derniere-minute-limogeage-du-pdg-de-la-television-nationale\/\">Tunisie \u2013 DERNIERE MINUTE\u00a0: Limogeage du PDG de la T\u00e9l\u00e9vision nationale<\/a> est apparu en premier sur <a href=\"https:\/\/www.tunisienumerique.com\/\">Tunisie<\/a>.<\/p>\n<\/div>\n<p>Auteur: LM<br \/>\n<a href=\"https:\/\/www.tunisienumerique.com\/tunisie-derniere-minute-limogeage-du-pdg-de-la-television-nationale\/\">Cliquez ici pour lire l&rsquo;article depuis sa source.<\/a><\/p>\n","protected":false},"excerpt":{"rendered":"<p>Suite \u00e0 l\u2019interdiction de l\u2019acc\u00e8s des studios de la TV Nationale, cet apr\u00e8s midi, aux repr\u00e9sentants de la soci\u00e9t\u00e9 civile qui \u00e9taient invit\u00e9s \u00e0 animer des plateaux TV, le pr\u00e9sident de la R\u00e9publique, Ka\u00efs Sa\u00efed a d\u00e9cid\u00e9 de limoger le PDG de la t\u00e9l\u00e9vision nationale, Mohamed Lassa\u00e2d Dahech, et de charger l\u2019int\u00e9rim de la pr\u00e9sidence [&hellip;]<\/p>\n","protected":false},"author":1789,"featured_media":0,"comment_status":"closed","ping_status":"closed","sticky":false,"template":"","format":"standard","meta":{"fifu_image_url":"","fifu_image_alt":"","footnotes":""},"categories":[73,55],"tags":[],"class_list":["post-122640","post","type-post","status-publish","format-standard","hentry","category-actualite","category-tunisie"],"_links":{"self":[{"href":"https:\/\/linitiative.ca\/International\/wp-json\/wp\/v2\/posts\/122640","targetHints":{"allow":["GET"]}}],"collection":[{"href":"https:\/\/linitiative.ca\/International\/wp-json\/wp\/v2\/posts"}],"about":[{"href":"https:\/\/linitiative.ca\/International\/wp-json\/wp\/v2\/types\/post"}],"author":[{"embeddable":true,"href":"https:\/\/linitiative.ca\/International\/wp-json\/wp\/v2\/users\/1789"}],"replies":[{"embeddable":true,"href":"https:\/\/linitiative.ca\/International\/wp-json\/wp\/v2\/comments?post=122640"}],"version-history":[{"count":0,"href":"https:\/\/linitiative.ca\/International\/wp-json\/wp\/v2\/posts\/122640\/revisions"}],"wp:attachment":[{"href":"https:\/\/linitiative.ca\/International\/wp-json\/wp\/v2\/media?parent=122640"}],"wp:term":[{"taxonomy":"category","embeddable":true,"href":"https:\/\/linitiative.ca\/International\/wp-json\/wp\/v2\/categories?post=122640"},{"taxonomy":"post_tag","embeddable":true,"href":"https:\/\/linitiative.ca\/International\/wp-json\/wp\/v2\/tags?post=122640"}],"curies":[{"name":"wp","href":"https:\/\/api.w.org\/{rel}","templated":true}]}}