{"id":122641,"date":"2021-07-28T17:04:39","date_gmt":"2021-07-28T21:04:39","guid":{"rendered":"https:\/\/linitiative.ca\/International\/tunisie-mise-en-place-dune-salle-doperation-pour-la-gestion-de-la-crise-du-covid\/"},"modified":"2021-07-28T17:04:39","modified_gmt":"2021-07-28T21:04:39","slug":"tunisie-mise-en-place-dune-salle-doperation-pour-la-gestion-de-la-crise-du-covid","status":"publish","type":"post","link":"https:\/\/linitiative.ca\/International\/tunisie-mise-en-place-dune-salle-doperation-pour-la-gestion-de-la-crise-du-covid\/","title":{"rendered":"Tunisie \u2013 Mise en place d\u2019une salle d\u2019op\u00e9ration pour la gestion de la crise du covid"},"content":{"rendered":"<div>\n<p>Le pr\u00e9sident de la R\u00e9publique a d\u00e9cid\u00e9 de mettre en place une salle d\u2019op\u00e9ration d\u00e9di\u00e9e \u00e0 la gestion de la crise du covid. Le travail de cette entit\u00e9 sera coordonn\u00e9 par un cadre sup\u00e9rieur du minist\u00e8re de l\u2019int\u00e9rieur, sous la direction du directeur de la sant\u00e9 militaire. Cette salle d\u2019op\u00e9ration regroupera des repr\u00e9sentants des minist\u00e8res [\u2026]<\/p>\n<p>L\u2019article <a href=\"https:\/\/www.tunisienumerique.com\/tunisie-mise-en-place-dune-salle-doperation-pour-la-gestion-de-la-crise-du-covid\/\">Tunisie \u2013 Mise en place d\u2019une salle d\u2019op\u00e9ration pour la gestion de la crise du covid<\/a> est apparu en premier sur <a href=\"https:\/\/www.tunisienumerique.com\/\">Tunisie<\/a>.<\/p>\n<\/div>\n<p>Auteur: LM<br \/>\n<a href=\"https:\/\/www.tunisienumerique.com\/tunisie-mise-en-place-dune-salle-doperation-pour-la-gestion-de-la-crise-du-covid\/\">Cliquez ici pour lire l&rsquo;article depuis sa source.<\/a><\/p>\n","protected":false},"excerpt":{"rendered":"<p>Le pr\u00e9sident de la R\u00e9publique a d\u00e9cid\u00e9 de mettre en place une salle d\u2019op\u00e9ration d\u00e9di\u00e9e \u00e0 la gestion de la crise du covid. Le travail de cette entit\u00e9 sera coordonn\u00e9 par un cadre sup\u00e9rieur du minist\u00e8re de l\u2019int\u00e9rieur, sous la direction du directeur de la sant\u00e9 militaire. Cette salle d\u2019op\u00e9ration regroupera des repr\u00e9sentants des minist\u00e8res [&hellip;]<\/p>\n","protected":false},"author":1789,"featured_media":0,"comment_status":"closed","ping_status":"closed","sticky":false,"template":"","format":"standard","meta":{"fifu_image_url":"","fifu_image_alt":"","footnotes":""},"categories":[73,55],"tags":[],"class_list":["post-122641","post","type-post","status-publish","format-standard","hentry","category-actualite","category-tunisie"],"_links":{"self":[{"href":"https:\/\/linitiative.ca\/International\/wp-json\/wp\/v2\/posts\/122641","targetHints":{"allow":["GET"]}}],"collection":[{"href":"https:\/\/linitiative.ca\/International\/wp-json\/wp\/v2\/posts"}],"about":[{"href":"https:\/\/linitiative.ca\/International\/wp-json\/wp\/v2\/types\/post"}],"author":[{"embeddable":true,"href":"https:\/\/linitiative.ca\/International\/wp-json\/wp\/v2\/users\/1789"}],"replies":[{"embeddable":true,"href":"https:\/\/linitiative.ca\/International\/wp-json\/wp\/v2\/comments?post=122641"}],"version-history":[{"count":0,"href":"https:\/\/linitiative.ca\/International\/wp-json\/wp\/v2\/posts\/122641\/revisions"}],"wp:attachment":[{"href":"https:\/\/linitiative.ca\/International\/wp-json\/wp\/v2\/media?parent=122641"}],"wp:term":[{"taxonomy":"category","embeddable":true,"href":"https:\/\/linitiative.ca\/International\/wp-json\/wp\/v2\/categories?post=122641"},{"taxonomy":"post_tag","embeddable":true,"href":"https:\/\/linitiative.ca\/International\/wp-json\/wp\/v2\/tags?post=122641"}],"curies":[{"name":"wp","href":"https:\/\/api.w.org\/{rel}","templated":true}]}}