{"id":122642,"date":"2021-07-28T17:10:22","date_gmt":"2021-07-28T21:10:22","guid":{"rendered":"https:\/\/linitiative.ca\/International\/tunisie-video-le-president-de-la-republique-kais-saied-recoit-le-chef-de-lutica-samir-majoul\/"},"modified":"2021-07-28T17:10:22","modified_gmt":"2021-07-28T21:10:22","slug":"tunisie-video-le-president-de-la-republique-kais-saied-recoit-le-chef-de-lutica-samir-majoul","status":"publish","type":"post","link":"https:\/\/linitiative.ca\/International\/tunisie-video-le-president-de-la-republique-kais-saied-recoit-le-chef-de-lutica-samir-majoul\/","title":{"rendered":"Tunisie [VIDEO] : Le pr\u00e9sident de la R\u00e9publique Kais Saied re\u00e7oit le Chef de l\u2019UTICA Samir Majoul"},"content":{"rendered":"<div>\n<p>Le pr\u00e9sident de la R\u00e9publique, Kais Saied a re\u00e7u aujourd\u2019hui 28 juillet 2021 au Palais de Carthage, le Chef de l\u2019UTICA, Samir Majoul. Lors de la r\u00e9union, le pr\u00e9sident Kais Saied a appel\u00e9 les fournisseurs, les distributeurs et les commer\u00e7ants de d\u00e9tail \u00e0 la diminution des prix et \u00e0 lutter contre la monopolisation. \u00ab Le [\u2026]<\/p>\n<p>L\u2019article <a href=\"https:\/\/www.tunisienumerique.com\/tunisie-video-le-president-de-la-republique-kais-saied-recoit-le-chef-de-lutica-samir-majoul\/\">Tunisie [VIDEO] : Le pr\u00e9sident de la R\u00e9publique Kais Saied re\u00e7oit le Chef de l\u2019UTICA Samir Majoul<\/a> est apparu en premier sur <a href=\"https:\/\/www.tunisienumerique.com\/\">Tunisie<\/a>.<\/p>\n<\/div>\n<p>Auteur: rania ben slimane<br \/>\n<a href=\"https:\/\/www.tunisienumerique.com\/tunisie-video-le-president-de-la-republique-kais-saied-recoit-le-chef-de-lutica-samir-majoul\/\">Cliquez ici pour lire l&rsquo;article depuis sa source.<\/a><\/p>\n","protected":false},"excerpt":{"rendered":"<p>Le pr\u00e9sident de la R\u00e9publique, Kais Saied a re\u00e7u aujourd\u2019hui 28 juillet 2021 au Palais de Carthage, le Chef de l\u2019UTICA, Samir Majoul. Lors de la r\u00e9union, le pr\u00e9sident Kais Saied a appel\u00e9 les fournisseurs, les distributeurs et les commer\u00e7ants de d\u00e9tail \u00e0 la diminution des prix et \u00e0 lutter contre la monopolisation. \u00ab Le [&hellip;]<\/p>\n","protected":false},"author":1789,"featured_media":0,"comment_status":"closed","ping_status":"closed","sticky":false,"template":"","format":"standard","meta":{"fifu_image_url":"","fifu_image_alt":"","footnotes":""},"categories":[73,55],"tags":[],"class_list":["post-122642","post","type-post","status-publish","format-standard","hentry","category-actualite","category-tunisie"],"_links":{"self":[{"href":"https:\/\/linitiative.ca\/International\/wp-json\/wp\/v2\/posts\/122642","targetHints":{"allow":["GET"]}}],"collection":[{"href":"https:\/\/linitiative.ca\/International\/wp-json\/wp\/v2\/posts"}],"about":[{"href":"https:\/\/linitiative.ca\/International\/wp-json\/wp\/v2\/types\/post"}],"author":[{"embeddable":true,"href":"https:\/\/linitiative.ca\/International\/wp-json\/wp\/v2\/users\/1789"}],"replies":[{"embeddable":true,"href":"https:\/\/linitiative.ca\/International\/wp-json\/wp\/v2\/comments?post=122642"}],"version-history":[{"count":0,"href":"https:\/\/linitiative.ca\/International\/wp-json\/wp\/v2\/posts\/122642\/revisions"}],"wp:attachment":[{"href":"https:\/\/linitiative.ca\/International\/wp-json\/wp\/v2\/media?parent=122642"}],"wp:term":[{"taxonomy":"category","embeddable":true,"href":"https:\/\/linitiative.ca\/International\/wp-json\/wp\/v2\/categories?post=122642"},{"taxonomy":"post_tag","embeddable":true,"href":"https:\/\/linitiative.ca\/International\/wp-json\/wp\/v2\/tags?post=122642"}],"curies":[{"name":"wp","href":"https:\/\/api.w.org\/{rel}","templated":true}]}}