{"id":122643,"date":"2021-07-28T16:23:12","date_gmt":"2021-07-28T20:23:12","guid":{"rendered":"https:\/\/linitiative.ca\/International\/assignation-a-residence-prolongee-de-bah-ndaw-et-moctar-ouane-de-quoi-assimi-goita-a-t-il-peur\/"},"modified":"2021-07-28T16:23:12","modified_gmt":"2021-07-28T20:23:12","slug":"assignation-a-residence-prolongee-de-bah-ndaw-et-moctar-ouane-de-quoi-assimi-goita-a-t-il-peur","status":"publish","type":"post","link":"https:\/\/linitiative.ca\/International\/assignation-a-residence-prolongee-de-bah-ndaw-et-moctar-ouane-de-quoi-assimi-goita-a-t-il-peur\/","title":{"rendered":"ASSIGNATION A RESIDENCE PROLONGEE DE BAH N\u2019DAW ET MOCTAR OUANE : De quoi Assimi Go\u00efta a-t-il peur\u00a0?"},"content":{"rendered":"<div>\n<p><img decoding=\"async\" width=\"592\" height=\"296\" src=\"https:\/\/linitiative.ca\/International\/wp-content\/uploads\/sites\/23\/2021\/07\/jad20210607-conf-mali-detention-bahndaw-moctarouane-592x296-1623073910.jpg\" class=\"attachment- size- wp-post-image\" alt=\"\" loading=\"lazy\" style=\"float:left; margin:0 15px 15px 0;\" srcset=\"https:\/\/linitiative.ca\/International\/wp-content\/uploads\/sites\/23\/2021\/07\/jad20210607-conf-mali-detention-bahndaw-moctarouane-592x296-1623073910.jpg 592w, https:\/\/lepays.bf\/wp-content\/uploads\/2021\/07\/jad20210607-conf-mali-detention-bahndaw-moctarouane-592x296-1623073910-300x150.jpg 300w\" sizes=\"auto, (max-width: 592px) 100vw, 592px\">De quoi Assimi Go\u00efta a-t-il peur\u00a0? Telle est la question que l\u2019on peut se poser face \u00e0 l\u2019assignation \u00e0 r\u00e9sidence depuis pr\u00e8s de deux mois, du duo qu\u2019il a renvers\u00e9 le 24 mais dernier. En tout cas, \u00a0las d\u2019attendre une lib\u00e9ration qui ressemble, \u00e0 bien des \u00e9gards, \u00e0 un serpent de mer, Bah N\u2019Daw et \u2026<\/p>\n<p>L\u2019article <a rel=\"nofollow\" href=\"https:\/\/lepays.bf\/assignation-a-residence-prolongee-de-bah-ndaw-et-moctar-ouane-2\/\">ASSIGNATION A RESIDENCE PROLONGEE DE BAH N\u2019DAW ET MOCTAR OUANE : De quoi Assimi Go\u00efta a-t-il peur\u00a0?<\/a> est apparu en premier sur <a rel=\"nofollow\" href=\"https:\/\/lepays.bf\/\">Editions Le Pays<\/a>.<\/p>\n<\/div>\n<p>Auteur: Editions LEPAYS<br \/>\n<a href=\"https:\/\/lepays.bf\/assignation-a-residence-prolongee-de-bah-ndaw-et-moctar-ouane-2\/\">Cliquez ici pour lire l&rsquo;article depuis sa source.<\/a><\/p>\n","protected":false},"excerpt":{"rendered":"<p>De quoi Assimi Go\u00efta a-t-il peur\u00a0? Telle est la question que l\u2019on peut se poser face \u00e0 l\u2019assignation \u00e0 r\u00e9sidence depuis pr\u00e8s de deux mois, du duo qu\u2019il a renvers\u00e9 le 24 mais dernier. En tout cas, \u00a0las d\u2019attendre une lib\u00e9ration qui ressemble, \u00e0 bien des \u00e9gards, \u00e0 un serpent de mer, Bah N\u2019Daw et [&hellip;]<\/p>\n","protected":false},"author":1813,"featured_media":0,"comment_status":"closed","ping_status":"closed","sticky":false,"template":"","format":"standard","meta":{"fifu_image_url":"https:\/\/lepays.bf\/wp-content\/uploads\/2021\/07\/jad20210607-conf-mali-detention-bahndaw-moctarouane-592x296-1623073910.jpg","fifu_image_alt":"ASSIGNATION A RESIDENCE PROLONGEE DE BAH N\u2019DAW ET MOCTAR OUANE : De quoi Assimi Go\u00efta a-t-il peur\u00a0?","footnotes":""},"categories":[73,81],"tags":[],"class_list":["post-122643","post","type-post","status-publish","format-standard","hentry","category-actualite","category-burkina-faso"],"_links":{"self":[{"href":"https:\/\/linitiative.ca\/International\/wp-json\/wp\/v2\/posts\/122643","targetHints":{"allow":["GET"]}}],"collection":[{"href":"https:\/\/linitiative.ca\/International\/wp-json\/wp\/v2\/posts"}],"about":[{"href":"https:\/\/linitiative.ca\/International\/wp-json\/wp\/v2\/types\/post"}],"author":[{"embeddable":true,"href":"https:\/\/linitiative.ca\/International\/wp-json\/wp\/v2\/users\/1813"}],"replies":[{"embeddable":true,"href":"https:\/\/linitiative.ca\/International\/wp-json\/wp\/v2\/comments?post=122643"}],"version-history":[{"count":0,"href":"https:\/\/linitiative.ca\/International\/wp-json\/wp\/v2\/posts\/122643\/revisions"}],"wp:attachment":[{"href":"https:\/\/linitiative.ca\/International\/wp-json\/wp\/v2\/media?parent=122643"}],"wp:term":[{"taxonomy":"category","embeddable":true,"href":"https:\/\/linitiative.ca\/International\/wp-json\/wp\/v2\/categories?post=122643"},{"taxonomy":"post_tag","embeddable":true,"href":"https:\/\/linitiative.ca\/International\/wp-json\/wp\/v2\/tags?post=122643"}],"curies":[{"name":"wp","href":"https:\/\/api.w.org\/{rel}","templated":true}]}}