{"id":122647,"date":"2021-07-28T16:39:02","date_gmt":"2021-07-28T20:39:02","guid":{"rendered":"https:\/\/linitiative.ca\/International\/rejet-du-recours-de-teodorin-obiang-par-la-cour-de-cassation-la-justice-francaise-rend-service-au-peuple-equato-guineen\/"},"modified":"2021-07-28T16:39:02","modified_gmt":"2021-07-28T20:39:02","slug":"rejet-du-recours-de-teodorin-obiang-par-la-cour-de-cassation-la-justice-francaise-rend-service-au-peuple-equato-guineen","status":"publish","type":"post","link":"https:\/\/linitiative.ca\/International\/rejet-du-recours-de-teodorin-obiang-par-la-cour-de-cassation-la-justice-francaise-rend-service-au-peuple-equato-guineen\/","title":{"rendered":"REJET DU RECOURS DE TEODORIN\u00a0OBIANG PAR LA COUR DE CASSATION  : La Justice fran\u00e7aise rend service au peuple \u00e9quato-guin\u00e9en"},"content":{"rendered":"<div>\n<p><img decoding=\"async\" width=\"1024\" height=\"538\" src=\"https:\/\/linitiative.ca\/International\/wp-content\/uploads\/sites\/23\/2021\/07\/Teodorin-Obiang-Mangue.jpeg\" class=\"attachment- size- wp-post-image\" alt=\"\" loading=\"lazy\" style=\"float:left; margin:0 15px 15px 0;\" srcset=\"https:\/\/linitiative.ca\/International\/wp-content\/uploads\/sites\/23\/2021\/07\/Teodorin-Obiang-Mangue.jpeg 1024w, https:\/\/lepays.bf\/wp-content\/uploads\/2021\/07\/Teodorin-Obiang-Mangue-300x158.jpeg 300w, https:\/\/lepays.bf\/wp-content\/uploads\/2021\/07\/Teodorin-Obiang-Mangue-768x404.jpeg 768w\" sizes=\"auto, (max-width: 1024px) 100vw, 1024px\">A l\u2019\u00e9pineuse question de savoir si c\u2019\u00e9tait le droit fran\u00e7ais ou le droit \u00e9quato-guin\u00e9en qui s\u2019appliquerait \u00e0 T\u00e9odorin Obiang, la Cour de cassation fran\u00e7aise saisie par l\u2019avocat de ce dernier, a tranch\u00e9 dans l\u2019apr\u00e8s-midi du 28 juillet 2021 : c\u2019est le droit fran\u00e7ais qui aura finalement force de loi.\u00a0 Jugeant, en effet, qu\u2019il ne s\u2019agit \u2026<\/p>\n<p>L\u2019article <a rel=\"nofollow\" href=\"https:\/\/lepays.bf\/rejet-du-recours-de-teodorin-obiang-par-la-cour-de-cassation\/\">REJET DU RECOURS DE TEODORIN\u00a0OBIANG PAR LA COUR DE CASSATION  : La Justice fran\u00e7aise rend service au peuple \u00e9quato-guin\u00e9en<\/a> est apparu en premier sur <a rel=\"nofollow\" href=\"https:\/\/lepays.bf\/\">Editions Le Pays<\/a>.<\/p>\n<\/div>\n<p>Auteur: Editions LEPAYS<br \/>\n<a href=\"https:\/\/lepays.bf\/rejet-du-recours-de-teodorin-obiang-par-la-cour-de-cassation\/\">Cliquez ici pour lire l&rsquo;article depuis sa source.<\/a><\/p>\n","protected":false},"excerpt":{"rendered":"<p>A l\u2019\u00e9pineuse question de savoir si c\u2019\u00e9tait le droit fran\u00e7ais ou le droit \u00e9quato-guin\u00e9en qui s\u2019appliquerait \u00e0 T\u00e9odorin Obiang, la Cour de cassation fran\u00e7aise saisie par l\u2019avocat de ce dernier, a tranch\u00e9 dans l\u2019apr\u00e8s-midi du 28 juillet 2021 : c\u2019est le droit fran\u00e7ais qui aura finalement force de loi.\u00a0 Jugeant, en effet, qu\u2019il ne s\u2019agit [&hellip;]<\/p>\n","protected":false},"author":1813,"featured_media":0,"comment_status":"closed","ping_status":"closed","sticky":false,"template":"","format":"standard","meta":{"fifu_image_url":"https:\/\/lepays.bf\/wp-content\/uploads\/2021\/07\/Teodorin-Obiang-Mangue.jpeg","fifu_image_alt":"REJET DU RECOURS DE TEODORIN\u00a0OBIANG PAR LA COUR DE CASSATION  : La Justice fran\u00e7aise rend service au peuple \u00e9quato-guin\u00e9en","footnotes":""},"categories":[73,81],"tags":[],"class_list":["post-122647","post","type-post","status-publish","format-standard","hentry","category-actualite","category-burkina-faso"],"_links":{"self":[{"href":"https:\/\/linitiative.ca\/International\/wp-json\/wp\/v2\/posts\/122647","targetHints":{"allow":["GET"]}}],"collection":[{"href":"https:\/\/linitiative.ca\/International\/wp-json\/wp\/v2\/posts"}],"about":[{"href":"https:\/\/linitiative.ca\/International\/wp-json\/wp\/v2\/types\/post"}],"author":[{"embeddable":true,"href":"https:\/\/linitiative.ca\/International\/wp-json\/wp\/v2\/users\/1813"}],"replies":[{"embeddable":true,"href":"https:\/\/linitiative.ca\/International\/wp-json\/wp\/v2\/comments?post=122647"}],"version-history":[{"count":0,"href":"https:\/\/linitiative.ca\/International\/wp-json\/wp\/v2\/posts\/122647\/revisions"}],"wp:attachment":[{"href":"https:\/\/linitiative.ca\/International\/wp-json\/wp\/v2\/media?parent=122647"}],"wp:term":[{"taxonomy":"category","embeddable":true,"href":"https:\/\/linitiative.ca\/International\/wp-json\/wp\/v2\/categories?post=122647"},{"taxonomy":"post_tag","embeddable":true,"href":"https:\/\/linitiative.ca\/International\/wp-json\/wp\/v2\/tags?post=122647"}],"curies":[{"name":"wp","href":"https:\/\/api.w.org\/{rel}","templated":true}]}}