{"id":122649,"date":"2021-07-28T16:38:18","date_gmt":"2021-07-28T20:38:18","guid":{"rendered":"https:\/\/linitiative.ca\/International\/insurrection-populaire-nous-nous-attelons-a-la-reouverture-du-proces-khalil-bara-president-de-la-haute-cour-de-justice\/"},"modified":"2021-07-28T16:38:18","modified_gmt":"2021-07-28T20:38:18","slug":"insurrection-populaire-nous-nous-attelons-a-la-reouverture-du-proces-khalil-bara-president-de-la-haute-cour-de-justice","status":"publish","type":"post","link":"https:\/\/linitiative.ca\/International\/insurrection-populaire-nous-nous-attelons-a-la-reouverture-du-proces-khalil-bara-president-de-la-haute-cour-de-justice\/","title":{"rendered":"Insurrection populaire : \u00ab Nous nous attelons  \u00e0 la r\u00e9ouverture du proc\u00e8s \u00bb,  Khalil Bara, pr\u00e9sident  de la Haute Cour de justice"},"content":{"rendered":"<div>\n<p><strong>Le Pr\u00e9sident de l\u2019Assembl\u00e9e nationale (PAN), Alassane Bala Sakand\u00e9, a re\u00e7u en audience une d\u00e9l\u00e9gation de la Haute Cour de justice, conduite par son pr\u00e9sident, Boukary Khalil Bara, le mercredi 28 juillet 2021 \u00e0 Ouagadougou.<\/strong><\/p>\n<p>Ouvert en avril 2017, le proc\u00e8s de l\u2019insurrection populaire a \u00e9t\u00e9 suspendu pour diverses raisons. \u00ab La r\u00e9ouverture de ce proc\u00e8s est une activit\u00e9 majeure de la Haute Cour de justice et nous nous attelons \u00e0 l\u2019ex\u00e9cuter dans les prochains jours, sinon dans les prochains mois \u00bb. C\u2019est ce qu\u2019a affirm\u00e9 le pr\u00e9sident de la Cour, Boukari Khalil Bara, \u00e0 sa sortie d\u2019une audience que lui a accord\u00e9e le Pr\u00e9sident de l\u2019Assembl\u00e9e nationale, Alassane Bala Sakand\u00e9, le mercredi 28 juillet 2021, \u00e0 Ouagadougou.<\/p>\n<p>Elu pr\u00e9sident de la Haute Cour de justice le 29 avril dernier, Boukary Khalil Bara, par ailleurs juge parlementaire, \u00e0 la t\u00eate d\u2019une d\u00e9l\u00e9gation de l\u2019institution, a signifi\u00e9 que c\u2019est l\u2019AN qui soutient le fonctionnement de la Haute Cour de justice, \u00e0 travers des allocations financi\u00e8res. \u00ab C\u2019est le Parlement qui nous donne les allocations financi\u00e8res et le personnel de soutien n\u00e9cessaire pour notre fonctionnement. Il \u00e9tait donc de bon ton que nous venions voir son pr\u00e9sident \u00bb, a-t-il estim\u00e9. Khalil Bara a ajout\u00e9 que cette visite avait aussi pour objectif de faire le point des activit\u00e9s de l\u2019institution au chef du Parlement.<\/p>\n<p>Concernant ses activit\u00e9s, il a d\u00e9clar\u00e9 que la premi\u00e8re pr\u00e9vue est une formation de tous les membres de la Haute Cour de justice. \u00ab La plupart des juges parlementaires de la Haute Cour de justice ne sont pas des juristes. Il va falloir leur inculquer quelques valeurs et le minimum de notions de droit \u00bb, a indiqu\u00e9 celui qui fut gouverneur de la r\u00e9gion du Nord. Pour lui, la formation permettra \u00e9galement aux juges professionnels de s\u2019approprier toutes les proc\u00e9dures inh\u00e9rentes \u00e0 l\u2019exercice de leurs fonctions car ces proc\u00e9dures diff\u00e8rent de ceux du droit commun.<\/p>\n<p style=\"text-align: right\"><strong>Nad\u00e8ge YAMEOGO<\/strong><br \/>\nYebliga Euridice LOUARI<br \/>\n(Stagiaire)<\/p>\n<p>L\u2019article <a rel=\"nofollow\" href=\"https:\/\/www.sidwaya.info\/blog\/2021\/07\/28\/insurrection-populaire-nous-nous-attelons-a-la-reouverture-du-proces-khalil-bara-president-de-la-haute-cour-de-justice\/\">Insurrection populaire : \u00ab Nous nous attelons  \u00e0 la r\u00e9ouverture du proc\u00e8s \u00bb,  Khalil Bara, pr\u00e9sident  de la Haute Cour de justice<\/a> est apparu en premier sur <a rel=\"nofollow\" href=\"https:\/\/www.sidwaya.info\/\">Quotidien Sidwaya<\/a>.<\/p>\n<\/div>\n<p>Auteur: JK. Sidwaya<br \/>\n<a href=\"https:\/\/www.sidwaya.info\/blog\/2021\/07\/28\/insurrection-populaire-nous-nous-attelons-a-la-reouverture-du-proces-khalil-bara-president-de-la-haute-cour-de-justice\/\">Cliquez ici pour lire l&rsquo;article depuis sa source.<\/a><\/p>\n","protected":false},"excerpt":{"rendered":"<p>Le Pr\u00e9sident de l\u2019Assembl\u00e9e nationale (PAN), Alassane Bala Sakand\u00e9, a re\u00e7u en audience une d\u00e9l\u00e9gation de la Haute Cour de justice, conduite par son pr\u00e9sident, Boukary Khalil Bara, le mercredi 28 juillet 2021 \u00e0 Ouagadougou. Ouvert en avril 2017, le proc\u00e8s de l\u2019insurrection populaire a \u00e9t\u00e9 suspendu pour diverses raisons. \u00ab La r\u00e9ouverture de ce [&hellip;]<\/p>\n","protected":false},"author":1816,"featured_media":0,"comment_status":"closed","ping_status":"closed","sticky":false,"template":"","format":"standard","meta":{"fifu_image_url":"","fifu_image_alt":"","footnotes":""},"categories":[73,81],"tags":[],"class_list":["post-122649","post","type-post","status-publish","format-standard","hentry","category-actualite","category-burkina-faso"],"_links":{"self":[{"href":"https:\/\/linitiative.ca\/International\/wp-json\/wp\/v2\/posts\/122649","targetHints":{"allow":["GET"]}}],"collection":[{"href":"https:\/\/linitiative.ca\/International\/wp-json\/wp\/v2\/posts"}],"about":[{"href":"https:\/\/linitiative.ca\/International\/wp-json\/wp\/v2\/types\/post"}],"author":[{"embeddable":true,"href":"https:\/\/linitiative.ca\/International\/wp-json\/wp\/v2\/users\/1816"}],"replies":[{"embeddable":true,"href":"https:\/\/linitiative.ca\/International\/wp-json\/wp\/v2\/comments?post=122649"}],"version-history":[{"count":0,"href":"https:\/\/linitiative.ca\/International\/wp-json\/wp\/v2\/posts\/122649\/revisions"}],"wp:attachment":[{"href":"https:\/\/linitiative.ca\/International\/wp-json\/wp\/v2\/media?parent=122649"}],"wp:term":[{"taxonomy":"category","embeddable":true,"href":"https:\/\/linitiative.ca\/International\/wp-json\/wp\/v2\/categories?post=122649"},{"taxonomy":"post_tag","embeddable":true,"href":"https:\/\/linitiative.ca\/International\/wp-json\/wp\/v2\/tags?post=122649"}],"curies":[{"name":"wp","href":"https:\/\/api.w.org\/{rel}","templated":true}]}}