{"id":122650,"date":"2021-07-28T16:42:45","date_gmt":"2021-07-28T20:42:45","guid":{"rendered":"https:\/\/linitiative.ca\/International\/salif-sankara-dg-de-loffre-de-soins-des-mesures-sont-prises-pour-assurer-aux-deplaces-des-soins-continus\/"},"modified":"2021-07-28T16:42:45","modified_gmt":"2021-07-28T20:42:45","slug":"salif-sankara-dg-de-loffre-de-soins-des-mesures-sont-prises-pour-assurer-aux-deplaces-des-soins-continus","status":"publish","type":"post","link":"https:\/\/linitiative.ca\/International\/salif-sankara-dg-de-loffre-de-soins-des-mesures-sont-prises-pour-assurer-aux-deplaces-des-soins-continus\/","title":{"rendered":"Salif Sankara, DG de l\u2019offre de soins : \u00ab Des mesures sont prises pour assurer  aux d\u00e9plac\u00e9s, des soins continus \u00bb"},"content":{"rendered":"<div>\n<p><strong>La crise s\u00e9curitaire a fortement impact\u00e9 le syst\u00e8me sanitaire au Centre-Nord. Dans cette interview, le Directeur g\u00e9n\u00e9ral (DG) de l\u2019offre de soins, Salif Sankara, fait un diagnostic du syst\u00e8me sanitaire dans cette partie du pays et les initiatives pour assurer des soins de qualit\u00e9 aux populations.<\/strong><\/p>\n<p><strong>Sidwaya (S) : Depuis quelques ann\u00e9es, la r\u00e9gion du Centre-Nord est confront\u00e9e \u00e0 une recrudescence des attaques terroristes, entra\u00eenant de facto la fermeture des centres de sant\u00e9. Quel est votre commentaire ?<\/strong><\/p>\n<p><strong>Salif Sankara (S.S.) :<\/strong> Depuis 2015, le Burkina fait face \u00e0 des attaques terroristes, avec une forte recrudescence \u00e0 partir de 2018 dans 6 r\u00e9gions. Dans la r\u00e9gion du Centre-Nord, tout comme dans les cinq autres r\u00e9gions en proie \u00e0 l\u2019ins\u00e9curit\u00e9, le syst\u00e8me de sant\u00e9 est fortement impact\u00e9. L\u2019offre de soins conna\u00eet un dysfonctionnement, qui se caract\u00e9rise par l\u2019arr\u00eat total des prestations de soins et services dans certaines formations sanitaires, la r\u00e9duction des prestations de soins et de services des formations sanitaires du fait qu\u2019elle n\u2019arrive plus \u00e0 offrir le paquet minimum d\u2019activit\u00e9s qui leur est d\u00e9di\u00e9.<\/p>\n<p>Elle n\u2019arrive plus \u00e0 assurer les gardes, les activit\u00e9s en strat\u00e9gie avanc\u00e9e ne sont plus r\u00e9alis\u00e9es, une demande accrue de soins et services de sant\u00e9 dans les formations sanitaires des zones abritant des personnes d\u00e9plac\u00e9es, le retrait ou la destruction des ambulances, la vandalisation des structures sanitaires, le manque de personnel. Et tout cela a pour cons\u00e9quences, la fermeture de certaines formations sanitaires, le fonctionnement \u00e0 minima. Pour revenir au cas sp\u00e9cifique du Centre-Nord, en effet, \u00e0 la date du 14 juillet 2021, 15 formations sanitaires \u00e9taient ferm\u00e9es dont 7 \u00e0 Barsalogho avec une structure priv\u00e9e, 6 \u00e0 Kaya, une \u00e0 Kongoussi et une autre \u00e0 Tougouri. Une quarantaine fonctionnaient \u00e0 minima et la population couverte par ces formations sanitaires ferm\u00e9es \u00e9tait de 119 634 personnes.<\/p>\n<p><strong>S : Avec la fermeture des centres de sant\u00e9, beaucoup de populations \u00ab sous blocus \u00bb terroristes n\u2019arrivent pas \u00e0 acc\u00e9der aux soins. Quel est la strat\u00e9gie ou les initiatives mises en place pour permettre aux populations de toujours en b\u00e9n\u00e9ficier ?<\/strong><\/p>\n<p><strong>S.S. :<\/strong> Des mesures sont prises pour assurer aux personnes d\u00e9plac\u00e9es quel que soit le lieu o\u00f9 elles se retrouvent, c\u2019est-\u00e0-dire sur des sites o\u00f9 des familles d\u2019accueil pour leur offrir, des soins continus et en int\u00e9grit\u00e9. Pour cela, nous travaillons \u00e0 mettre en place des Postes de sant\u00e9 avanc\u00e9s (PSA) comme c\u2019est le cas \u00e0 Silmadj\u00e9 dans le district sanitaire de Tougouri o\u00f9 les discussions \u00e9taient en cours avec M\u00e9decins sans fronti\u00e8res (MSF). Nous voulons \u00e9galement mettre en place des cliniques mobiles. Il y a aussi des projets de l\u2019OMS qui, \u00e0 travers nos structures de sant\u00e9 en collaboration avec des partenaires, sont mis en \u0153uvre au profit des PDI et les populations-h\u00f4tes.<\/p>\n<p>Il s\u2019agit, entre autres, du projet \u00ab Offre des soins de sant\u00e9 d\u2019urgences critiques aux personnes d\u00e9plac\u00e9es internes et leurs communaut\u00e9s h\u00f4tes \u00bb et \u00ab Renforcement de l\u2019acc\u00e8s aux soins de sant\u00e9 primaires int\u00e9grant la sant\u00e9 sexuelle et reproductive des populations vuln\u00e9rables touch\u00e9es par la COVID-19 dans un contexte de crise humanitaire, au Burkina Faso \u00bb. Le minist\u00e8re apporte des appuis en kits d\u2019urgence, en logistique et renforce les comp\u00e9tences des agents sur diff\u00e9rentes th\u00e9matiques comme la prise en charge \u00e0 situation d\u2019urgence, la chirurgie d\u2019urgence et de catastrophe\u2026<\/p>\n<p><strong>S : Sous la menace terroriste, dans certaines localit\u00e9s, les agents de sant\u00e9 sont quasi absents dans les centres de sant\u00e9, laissant la charge du travail aux ASBC ? Quel est votre commentaire ?<\/strong><\/p>\n<p><strong>S.S. :<\/strong> Dans certaines localit\u00e9s, les agents de sant\u00e9 re\u00e7oivent des menaces. Ils sont victimes d\u2019agressions et voient leurs biens retir\u00e9s ou incendi\u00e9s (mobylette de service comme personnelle, voiture, logement\u2026). Face \u00e0 cette situation, ils rejoignent les localit\u00e9s plus s\u00e9curis\u00e9es, quittant ainsi leur poste de travail. On assiste ainsi, \u00e0 la fermeture des formations sanitaires et au red\u00e9ploiement de ces agents de sant\u00e9 dans d\u2019autres formations sanitaires. Afin de continuer \u00e0 offrir \u00e0 la population des soins, nous mettons \u00e0 contribution des acteurs locaux \u00e0 savoir les agents de sant\u00e9 \u00e0 base communautaire, les accoucheuses villageoises. Ils ont re\u00e7u des formations de renforcements de comp\u00e9tences \u00e0 cet effet. Il y a aussi certains partenaires qui accompagnent les structures dans le renforcement des personnels \u00e0 travers des recrutements d\u2019agents volontaires ou contractuels).<\/p>\n<p><strong>S : Dans les villes comme Barsalogho, Pensa, Foub\u00e9\u2026des zones tr\u00e8s difficilement accessibles, des organisations humanitaires telles que la Croix-Rouge, MSF sont au front pour apporter une assistance sanitaire aux populations locales et aux d\u00e9plac\u00e9s au d\u00e9triment des agents de l\u2019Etat. Comment appr\u00e9ciez-vous les efforts de ces humanitaires ?<\/strong><\/p>\n<p><strong>S.S. :<\/strong> Je remercie tous nos partenaires et surtout tous ceux \u0153uvrant dans le domaine humanitaire pour tous les efforts fournis pour accompagner l\u2019Etat dans sa lutte pour un syst\u00e8me de sant\u00e9 r\u00e9silient. Depuis l\u2019av\u00e8nement de la crise, le gouvernement a mis en place une strat\u00e9gie de r\u00e9ponse humanitaire avec l\u2019appui des partenaires techniques et financiers, des ONG dont la Croix-Rouge, MSF et bien d\u2019autres pour rendre notre syst\u00e8me de sant\u00e9 r\u00e9silient. Plusieurs ONG et organismes humanitaires interviennent chacun dans des zones pr\u00e9cises. Leurs actions couvrent divers domaines et au sein du minist\u00e8re. Depuis le niveau central jusqu\u2019au niveau p\u00e9riph\u00e9rique, un travail est fait avec les structures p\u00e9riph\u00e9riques pour une bonne coordination afin d\u2019assurer aux b\u00e9n\u00e9ficiaires, des soins et services de qualit\u00e9.<\/p>\n<p><strong>S : Des sites de d\u00e9plac\u00e9s sont d\u00e9pourvus de centres de sant\u00e9. Pour certains d\u00e9plac\u00e9s, l\u2019Etat les a abandonn\u00e9s \u00e0 leur sort, car ne fournissant pas des efforts pour leur permettre de b\u00e9n\u00e9ficier de soins. Que leur r\u00e9pondez-vous ?<\/strong><\/p>\n<p><strong>S.S. :<\/strong> Non, je le dis bien et je le r\u00e9p\u00e8te, ils ne sont pas abandonn\u00e9s \u00e0 leur sort. En effet, la quasi-totalit\u00e9 des sites des d\u00e9plac\u00e9s ne dispose pas de Centre de sant\u00e9 proprement dit mais dans l\u2019approche de l\u2019Etat et en collaboration avec les diff\u00e9rents partenaires techniques et financiers, des mesures sont prises pour rendre accessibles \u00e0 toutes les personnes d\u00e9plac\u00e9es, des soins et services de qualit\u00e9. L\u2019Etat burkinab\u00e8 est engag\u00e9 dans le processus de \u00ab couverture sanitaire universelle \u00bb qui consiste \u00e0 ce que chaque individu et chaque communaut\u00e9 puisse recevoir les services de sant\u00e9 de qualit\u00e9 selon leurs besoins, sans laisser personne de c\u00f4t\u00e9 et qu\u2019il soit prot\u00e9g\u00e9 contre la maladie et ses cons\u00e9quences sans subir de difficult\u00e9s financi\u00e8res.<\/p>\n<p><strong>S : Avec la situation s\u00e9curitaire qui se d\u00e9grade davantage dans certaines localit\u00e9s, quelle est votre solution pour que les populations du Centre-Nord b\u00e9n\u00e9ficient toujours des soins de qualit\u00e9 et pour le retour des agents de sant\u00e9 dans les h\u00f4pitaux ferm\u00e9s ?<\/strong><\/p>\n<p><strong>S.S. :<\/strong> Le probl\u00e8me de s\u00e9curit\u00e9 freine tous les secteurs de d\u00e9veloppement dans ces zones. Il n\u2019y a pas que le secteur de la sant\u00e9 qui est mis \u00e0 mal. C\u2019est donc un probl\u00e8me qui demande des efforts \u00e0 tous les niveaux, de l\u2019Etat jusqu\u2019aux populations. Avec l\u2019actualit\u00e9 r\u00e9cente, vous avez vu comment le gouvernement tente d\u2019endiguer ce fl\u00e9au qui sape tous nos efforts. J\u2019ai foi que les choses rentreront dans l\u2019ordre et que nos populations dans ces zones seront \u00e0 l\u2019abri des forces du mal.<\/p>\n<p style=\"text-align: right\"><strong>Entretien r\u00e9alis\u00e9 par A.A.N<\/strong><\/p>\n<p>\u00a0<\/p>\n<p>L\u2019article <a rel=\"nofollow\" href=\"https:\/\/www.sidwaya.info\/blog\/2021\/07\/28\/salif-sankara-dg-de-loffre-de-soins-des-mesures-sont-prises-pour-assurer-aux-deplaces-des-soins-continus\/\">Salif Sankara, DG de l\u2019offre de soins : \u00ab Des mesures sont prises pour assurer  aux d\u00e9plac\u00e9s, des soins continus \u00bb<\/a> est apparu en premier sur <a rel=\"nofollow\" href=\"https:\/\/www.sidwaya.info\/\">Quotidien Sidwaya<\/a>.<\/p>\n<\/div>\n<p>Auteur: JK. Sidwaya<br \/>\n<a href=\"https:\/\/www.sidwaya.info\/blog\/2021\/07\/28\/salif-sankara-dg-de-loffre-de-soins-des-mesures-sont-prises-pour-assurer-aux-deplaces-des-soins-continus\/\">Cliquez ici pour lire l&rsquo;article depuis sa source.<\/a><\/p>\n","protected":false},"excerpt":{"rendered":"<p>La crise s\u00e9curitaire a fortement impact\u00e9 le syst\u00e8me sanitaire au Centre-Nord. Dans cette interview, le Directeur g\u00e9n\u00e9ral (DG) de l\u2019offre de soins, Salif Sankara, fait un diagnostic du syst\u00e8me sanitaire dans cette partie du pays et les initiatives pour assurer des soins de qualit\u00e9 aux populations. Sidwaya (S) : Depuis quelques ann\u00e9es, la r\u00e9gion du [&hellip;]<\/p>\n","protected":false},"author":1816,"featured_media":0,"comment_status":"closed","ping_status":"closed","sticky":false,"template":"","format":"standard","meta":{"fifu_image_url":"","fifu_image_alt":"","footnotes":""},"categories":[73,81],"tags":[],"class_list":["post-122650","post","type-post","status-publish","format-standard","hentry","category-actualite","category-burkina-faso"],"_links":{"self":[{"href":"https:\/\/linitiative.ca\/International\/wp-json\/wp\/v2\/posts\/122650","targetHints":{"allow":["GET"]}}],"collection":[{"href":"https:\/\/linitiative.ca\/International\/wp-json\/wp\/v2\/posts"}],"about":[{"href":"https:\/\/linitiative.ca\/International\/wp-json\/wp\/v2\/types\/post"}],"author":[{"embeddable":true,"href":"https:\/\/linitiative.ca\/International\/wp-json\/wp\/v2\/users\/1816"}],"replies":[{"embeddable":true,"href":"https:\/\/linitiative.ca\/International\/wp-json\/wp\/v2\/comments?post=122650"}],"version-history":[{"count":0,"href":"https:\/\/linitiative.ca\/International\/wp-json\/wp\/v2\/posts\/122650\/revisions"}],"wp:attachment":[{"href":"https:\/\/linitiative.ca\/International\/wp-json\/wp\/v2\/media?parent=122650"}],"wp:term":[{"taxonomy":"category","embeddable":true,"href":"https:\/\/linitiative.ca\/International\/wp-json\/wp\/v2\/categories?post=122650"},{"taxonomy":"post_tag","embeddable":true,"href":"https:\/\/linitiative.ca\/International\/wp-json\/wp\/v2\/tags?post=122650"}],"curies":[{"name":"wp","href":"https:\/\/api.w.org\/{rel}","templated":true}]}}