{"id":122653,"date":"2021-07-28T17:12:03","date_gmt":"2021-07-28T21:12:03","guid":{"rendered":"https:\/\/linitiative.ca\/International\/rn1-le-trafic-menace-dinterruption-a-lentree-de-ouagadougou\/"},"modified":"2021-07-28T17:12:03","modified_gmt":"2021-07-28T21:12:03","slug":"rn1-le-trafic-menace-dinterruption-a-lentree-de-ouagadougou","status":"publish","type":"post","link":"https:\/\/linitiative.ca\/International\/rn1-le-trafic-menace-dinterruption-a-lentree-de-ouagadougou\/","title":{"rendered":"RN1\u00a0:\u00a0 le trafic menac\u00e9 d\u2019interruption \u00e0 l\u2019entr\u00e9e de Ouagadougou"},"content":{"rendered":"<div>\n<p>Le trafic sur l\u2019axe Bobo-Ouaga \u00e0 500 m \u00e0 l\u2019entr\u00e9e de la ville de Sya est menac\u00e9, dans la soir\u00e9e du 28 juillet 2021, d\u2019interruption. Le trafic des poids lourds est d\u2019ores et d\u00e9j\u00e0 suspendu et selon des sources s\u00e9curitaires une d\u00e9viation est envisag\u00e9e. Pour l\u2019instant les causes ne sont pas encore identifi\u00e9es. Selon les m\u00eames sources les \u00e9quipes techniques sont sur le terrain. Elles recommandent la prudence absolue ! On y reviendrons pour plus d\u2019information.<\/p>\n<p>BS<\/p>\n<p>L\u2019article <a rel=\"nofollow\" href=\"https:\/\/www.sidwaya.info\/blog\/2021\/07\/28\/rn1-le-trafic-menace-dinterruption-a-lentree-de-ouagadougou\/\">RN1\u00a0:\u00a0 le trafic menac\u00e9 d\u2019interruption \u00e0 l\u2019entr\u00e9e de Ouagadougou<\/a> est apparu en premier sur <a rel=\"nofollow\" href=\"https:\/\/www.sidwaya.info\/\">Quotidien Sidwaya<\/a>.<\/p>\n<\/div>\n<p>Auteur: BS. Sidwaya<br \/>\n<a href=\"https:\/\/www.sidwaya.info\/blog\/2021\/07\/28\/rn1-le-trafic-menace-dinterruption-a-lentree-de-ouagadougou\/\">Cliquez ici pour lire l&rsquo;article depuis sa source.<\/a><\/p>\n","protected":false},"excerpt":{"rendered":"<p>Le trafic sur l\u2019axe Bobo-Ouaga \u00e0 500 m \u00e0 l\u2019entr\u00e9e de la ville de Sya est menac\u00e9, dans la soir\u00e9e du 28 juillet 2021, d\u2019interruption. Le trafic des poids lourds est d\u2019ores et d\u00e9j\u00e0 suspendu et selon des sources s\u00e9curitaires une d\u00e9viation est envisag\u00e9e. Pour l\u2019instant les causes ne sont pas encore identifi\u00e9es. Selon les [&hellip;]<\/p>\n","protected":false},"author":1816,"featured_media":0,"comment_status":"closed","ping_status":"closed","sticky":false,"template":"","format":"standard","meta":{"fifu_image_url":"","fifu_image_alt":"","footnotes":""},"categories":[73,81],"tags":[],"class_list":["post-122653","post","type-post","status-publish","format-standard","hentry","category-actualite","category-burkina-faso"],"_links":{"self":[{"href":"https:\/\/linitiative.ca\/International\/wp-json\/wp\/v2\/posts\/122653","targetHints":{"allow":["GET"]}}],"collection":[{"href":"https:\/\/linitiative.ca\/International\/wp-json\/wp\/v2\/posts"}],"about":[{"href":"https:\/\/linitiative.ca\/International\/wp-json\/wp\/v2\/types\/post"}],"author":[{"embeddable":true,"href":"https:\/\/linitiative.ca\/International\/wp-json\/wp\/v2\/users\/1816"}],"replies":[{"embeddable":true,"href":"https:\/\/linitiative.ca\/International\/wp-json\/wp\/v2\/comments?post=122653"}],"version-history":[{"count":0,"href":"https:\/\/linitiative.ca\/International\/wp-json\/wp\/v2\/posts\/122653\/revisions"}],"wp:attachment":[{"href":"https:\/\/linitiative.ca\/International\/wp-json\/wp\/v2\/media?parent=122653"}],"wp:term":[{"taxonomy":"category","embeddable":true,"href":"https:\/\/linitiative.ca\/International\/wp-json\/wp\/v2\/categories?post=122653"},{"taxonomy":"post_tag","embeddable":true,"href":"https:\/\/linitiative.ca\/International\/wp-json\/wp\/v2\/tags?post=122653"}],"curies":[{"name":"wp","href":"https:\/\/api.w.org\/{rel}","templated":true}]}}