{"id":122656,"date":"2021-07-28T15:18:02","date_gmt":"2021-07-28T19:18:02","guid":{"rendered":"https:\/\/linitiative.ca\/International\/impots-ivoiriens-14322-milliards-fcfa-mobilises-au-1er-semestre-2021\/"},"modified":"2021-07-28T15:18:02","modified_gmt":"2021-07-28T19:18:02","slug":"impots-ivoiriens-14322-milliards-fcfa-mobilises-au-1er-semestre-2021","status":"publish","type":"post","link":"https:\/\/linitiative.ca\/International\/impots-ivoiriens-14322-milliards-fcfa-mobilises-au-1er-semestre-2021\/","title":{"rendered":"Imp\u00f4ts ivoiriens: 1432,2 milliards Fcfa mobilis\u00e9s au 1er semestre 2021"},"content":{"rendered":"<div>\n<p><img loading=\"lazy\" decoding=\"async\" width=\"800\" height=\"533\" src=\"https:\/\/linitiative.ca\/International\/wp-content\/uploads\/sites\/23\/2021\/07\/16274998825702.jpg\" class=\"attachment-post-thumbnail size-post-thumbnail wp-post-image\" alt=\"\" srcset=\"https:\/\/linitiative.ca\/International\/wp-content\/uploads\/sites\/23\/2021\/07\/16274998825702.jpg 800w, https:\/\/www.journalducameroun.com\/wp-content\/uploads\/2021\/07\/16274998825702-300x200.jpg 300w, https:\/\/www.journalducameroun.com\/wp-content\/uploads\/2021\/07\/16274998825702-768x512.jpg 768w, https:\/\/www.journalducameroun.com\/wp-content\/uploads\/2021\/07\/16274998825702-660x440.jpg 660w, https:\/\/www.journalducameroun.com\/wp-content\/uploads\/2021\/07\/16274998825702-600x400.jpg 600w\" sizes=\"auto, (max-width: 800px) 100vw, 800px\"><\/p>\n<p>Les services des imp\u00f4ts de C\u00f4te d&rsquo;Ivoire ont collect\u00e9 1432,2 milliards Fcfa au premier semestre 2021, soit un \u00e9cart positif de 35,3 milliards Fcfa par rapport aux pr\u00e9visions de recettes.<\/p>\n<p>Ces donn\u00e9es ont \u00e9t\u00e9 rendues publiques, mercredi, par le directeur g\u00e9n\u00e9ral des imp\u00f4ts (DGI), Abou Si\u00e9 Ouattara, lors d&rsquo;un s\u00e9minaire bilan du premier semestre et les perspectives du deuxi\u00e8me semestre 2021.<\/p>\n<p>Au cours du premier semestre 2021, \u00ab\u00a0le montant total des recettes enregistr\u00e9es se chiffre \u00e0 1432,2 milliards Fcfa\u00a0\u00bb, soit un \u00e9cart positif de 35,3 milliards Fcfa par rapport aux pr\u00e9visions de recettes de la DGI, ce qui repr\u00e9sente un taux de recouvrement de 102,5%, a indiqu\u00e9 M. Abou Si\u00e9.<\/p>\n<p>\u00ab\u00a0Les projections de recettes brutes attendues pour le second semestre de l&rsquo;ann\u00e9e 2021 sont fix\u00e9s \u00e0 1266,6 milliards Fcfa dont 660,2 milliards Fcfa pour le troisi\u00e8me trimestre\u00a0\u00bb, a fait savoir le directeur g\u00e9n\u00e9ral des imp\u00f4ts. \u00a0<\/p>\n<p>Le directeur de Cabinet du ministre du Budget et du portefeuille de l&rsquo;Etat, Adama Sall, repr\u00e9sentant le ministre, a f\u00e9licit\u00e9 et encourag\u00e9 les agents de la DGI pour les efforts accomplis dans la mobilisation des recettes de l&rsquo;Etat.<\/p>\n<p>Les recettes de la DGI, au cours du deuxi\u00e8me trimestre 2021, indiquent 798 milliards Fcfa pour un objectif de 768 milliards Fcfa, soit un \u00e9cart positif de 30 milliards Fcfa et un taux de r\u00e9alisation de 103,9%, a soulign\u00e9 M. Adama Sall.<\/p>\n<p>Il a exhort\u00e9 les agents \u00e0 \u00ab\u00a0maintenir le cap, voire doubler\u00a0\u00bb cette tendance au regard des objectifs assign\u00e9s au titre du deuxi\u00e8me semestre 2021, mentionnant que l&rsquo;un des leviers pour relever les d\u00e9fis de l&rsquo;Etat est la mobilisation cons\u00e9quente des ressources.<\/p>\n<p>La derni\u00e8re revue du Fonds mon\u00e9taire international (FMI) en septembre 2020 rel\u00e8ve que l&rsquo;un des points critiques \u00e0 surveiller dans l&rsquo;\u00e9conomie ivoirienne est le taux de pression fiscale. Ce taux qui est de 12,6% est l&rsquo;un des plus faibles de l&rsquo;Uemoa.<\/p>\n<p>La C\u00f4te d&rsquo;Ivoire enregistre une progression r\u00e9guli\u00e8re de ses recettes fiscales de l&rsquo;ordre de 10 \u00e0 14%, voire 16%, a fait observer M. Adama Sall, \u00a0pour qui \u00ab\u00a0cette croissance reste encore insuffisante\u00a0\u00bb au regard des d\u00e9fis du pays.<\/p>\n<p>Cet article <a rel=\"nofollow\" href=\"https:\/\/www.journalducameroun.com\/impots-ivoiriens-14322-milliards-fcfa-mobilises-au-1er-semestre-2021\/\">Imp\u00f4ts ivoiriens: 1432,2 milliards Fcfa mobilis\u00e9s au 1er semestre 2021<\/a> est apparu en premier sur <a rel=\"nofollow\" href=\"https:\/\/www.journalducameroun.com\/\">Journal du Cameroun<\/a>.<\/p>\n<\/div>\n<p>Auteur: APA News<br \/>\n<a href=\"https:\/\/www.journalducameroun.com\/impots-ivoiriens-14322-milliards-fcfa-mobilises-au-1er-semestre-2021\/\">Cliquez ici pour lire l&rsquo;article depuis sa source.<\/a><\/p>\n","protected":false},"excerpt":{"rendered":"<p>Les services des imp\u00f4ts de C\u00f4te d&rsquo;Ivoire ont collect\u00e9 1432,2 milliards Fcfa au premier semestre 2021, soit un \u00e9cart positif de 35,3 milliards Fcfa par rapport aux pr\u00e9visions de recettes. Ces donn\u00e9es ont \u00e9t\u00e9 rendues publiques, mercredi, par le directeur g\u00e9n\u00e9ral des imp\u00f4ts (DGI), Abou Si\u00e9 Ouattara, lors d&rsquo;un s\u00e9minaire bilan du premier semestre et [&hellip;]<\/p>\n","protected":false},"author":1965,"featured_media":0,"comment_status":"closed","ping_status":"closed","sticky":false,"template":"","format":"standard","meta":{"fifu_image_url":"https:\/\/www.journalducameroun.com\/wp-content\/uploads\/2021\/07\/16274998825702.jpg","fifu_image_alt":"Imp\u00f4ts ivoiriens: 1432,2 milliards Fcfa mobilis\u00e9s au 1er semestre 2021","footnotes":""},"categories":[73,82],"tags":[],"class_list":["post-122656","post","type-post","status-publish","format-standard","hentry","category-actualite","category-cameroun"],"_links":{"self":[{"href":"https:\/\/linitiative.ca\/International\/wp-json\/wp\/v2\/posts\/122656","targetHints":{"allow":["GET"]}}],"collection":[{"href":"https:\/\/linitiative.ca\/International\/wp-json\/wp\/v2\/posts"}],"about":[{"href":"https:\/\/linitiative.ca\/International\/wp-json\/wp\/v2\/types\/post"}],"author":[{"embeddable":true,"href":"https:\/\/linitiative.ca\/International\/wp-json\/wp\/v2\/users\/1965"}],"replies":[{"embeddable":true,"href":"https:\/\/linitiative.ca\/International\/wp-json\/wp\/v2\/comments?post=122656"}],"version-history":[{"count":0,"href":"https:\/\/linitiative.ca\/International\/wp-json\/wp\/v2\/posts\/122656\/revisions"}],"wp:attachment":[{"href":"https:\/\/linitiative.ca\/International\/wp-json\/wp\/v2\/media?parent=122656"}],"wp:term":[{"taxonomy":"category","embeddable":true,"href":"https:\/\/linitiative.ca\/International\/wp-json\/wp\/v2\/categories?post=122656"},{"taxonomy":"post_tag","embeddable":true,"href":"https:\/\/linitiative.ca\/International\/wp-json\/wp\/v2\/tags?post=122656"}],"curies":[{"name":"wp","href":"https:\/\/api.w.org\/{rel}","templated":true}]}}