{"id":122658,"date":"2021-07-28T15:18:02","date_gmt":"2021-07-28T19:18:02","guid":{"rendered":"https:\/\/linitiative.ca\/International\/la-poste-de-cote-divoire-accuse-un-mois-darriere-de-salaires\/"},"modified":"2021-07-28T15:18:02","modified_gmt":"2021-07-28T19:18:02","slug":"la-poste-de-cote-divoire-accuse-un-mois-darriere-de-salaires","status":"publish","type":"post","link":"https:\/\/linitiative.ca\/International\/la-poste-de-cote-divoire-accuse-un-mois-darriere-de-salaires\/","title":{"rendered":"La Poste de C\u00f4te d\u2019Ivoire accuse \u00ab\u00a0un mois d\u2019arri\u00e9r\u00e9 de salaires\u00a0\u00bb"},"content":{"rendered":"<div>\n<p>Le ministre ivoirien de l\u2019\u00c9conomie num\u00e9rique, des t\u00e9l\u00e9communications et de l\u2019innovation, Roger F\u00e9lix Adom, a rencontr\u00e9 mercredi, \u00e0 Abidjan, le personnel de la Poste de C\u00f4te d\u2019Ivoire qui accuse \u00ab\u00a0un mois d\u2019arri\u00e9r\u00e9 de salaire\u00a0\u00bb.\u00a0\u00bbNous ferons en sorte d\u2019apporter des solutions durables qui fassent en sorte que votre quotidien soit agr\u00e9able et que vos fins de mois soient plus que souriantes\u00a0\u00bb, a rassur\u00e9 M. Roger Adom, lors d\u2019une visite dans les locaux de la Poste de C\u00f4te d\u2019Ivoire \u00e0 Abidjan.\u00a0<\/p>\n<p>La Poste de C\u00f4te d\u2019Ivoire, rappellera-t-il, a \u00e9t\u00e9 r\u00e9gul\u00e9e en 2013 et il y a eu sept ans entre la loi et les premiers d\u00e9crets. Et la question qui surgissait \u00e9tait comment assurer l\u2019avenir de cet \u00e9tablissement public.\u00a0<\/p>\n<p>\u00ab\u00a0Il me revient de travailler avec vous pour trouver des solutions et nous allons le faire avec les instances de la R\u00e9publique\u00a0\u00bb, a d\u00e9clar\u00e9 le ministre de l\u2019\u00c9conomie num\u00e9rique, indiquant que le minist\u00e8re du Budget est conscient ainsi que la Primature.\u00a0<\/p>\n<p>\u00ab\u00a0Ce ne sont pas des paroles en l\u2019air, vraiment croyez-moi, nous ferons en sorte que tr\u00e8s rapidement nous remettrons la Poste de C\u00f4te d\u2019Ivoire sur les rails du d\u00e9veloppement et de la prosp\u00e9rit\u00e9\u00a0\u00bb, a-t-il dit.<\/p>\n<p>Le syndicaliste Ars\u00e8ne Ahok\u00e9, membre du Synapostel, prenant la parole au nom du personnel, a relev\u00e9 que \u00ab\u00a0le stresse et les souffrances multiformes\u00a0\u00bb est le lot quotidien des agents \u00e0 cause de l\u2019incertitude du lendemain.<\/p>\n<p>Face aux difficult\u00e9s que rencontre la Poste de C\u00f4te d\u2019Ivoire, deux vagues de licenciement ont d\u00e9j\u00e0 eu lieu. Pour ce syndicaliste, les employ\u00e9s ont \u00ab\u00a0d\u00e9j\u00e0 pay\u00e9 un lourd tribut\u00a0\u00bb et il revenait \u00e0 l\u2019Etat de sauver la situation.\u00a0<\/p>\n<p>Le directeur g\u00e9n\u00e9ral de la Poste de C\u00f4te d\u2019Ivoire, Isaac Gnamba Yao, a admis que \u00ab\u00a0la qualit\u00e9 des services n\u2019\u00e9tait pas au rendez-vous, des acteurs ont commenc\u00e9 \u00e0 op\u00e9rer l\u2019activit\u00e9 postale\u00a0\u00bb, r\u00e9duisant leur part de march\u00e9.<\/p>\n<p>Avec la nouvelle loi r\u00e9glementant le secteur, \u00ab\u00a0nous avons appel\u00e9 l\u2019intervention du ministre sur la mise en oeuvre et le respect des obligations de service postal universel\u00a0\u00bb, a affirm\u00e9 \u00e0 la presse M. Isaac Gnamba Yao, au terme de la visite de M. Roger Adom.\u00a0<\/p>\n<p>\u00ab\u00a0Il faut aussi rappeler que nous avons quelques difficult\u00e9s, notamment les conditions de travail et surtout un mois d\u2019arri\u00e9r\u00e9 de salaire que nous vivons en ce moment \u00e0 l\u2019or\u00e9e du 27e \u00a0Congr\u00e8s de l\u2019Union postale universelle\u00a0\u00bb pr\u00e9vu \u00e0 Abidjan du 9 au 27 ao\u00fbt 2021, a soulign\u00e9 M. Gnamba.<\/p>\n<p>Le d\u00e9fi, mentionnera-t-il, est pour l\u2019\u00e9tablissement public de s\u2019adapter aux r\u00e9alit\u00e9s de l\u2019environnement. Car, la Poste est devenue une industrie qui compte dans tous les pays et il faut qu\u2019on puisse passer d\u2019une administration postale \u00e0 une entre de logistique et du digital.\u00a0<\/p>\n<p>Une salle de conf\u00e9rence a \u00e9t\u00e9 baptis\u00e9e au nom du ministre de l\u2019\u00c9conomie num\u00e9rique, des \u00a0t\u00e9l\u00e9communications et de l\u2019innovation, Roger Adom, qui s\u2019est dit \u00ab\u00a0touch\u00e9 par cette attention\u00a0\u00bb du personnel. \u00a0<\/p>\n<p>Cet article <a rel=\"nofollow\" href=\"https:\/\/www.journalducameroun.com\/la-poste-de-cote-divoire-accuse-un-mois-darriere-de-salaires\/\">La Poste de C\u00f4te d\u2019Ivoire accuse \u00ab\u00a0un mois d\u2019arri\u00e9r\u00e9 de salaires\u00a0\u00bb<\/a> est apparu en premier sur <a rel=\"nofollow\" href=\"https:\/\/www.journalducameroun.com\/\">Journal du Cameroun<\/a>.<\/p>\n<\/div>\n<p>Auteur: APA News<br \/>\n<a href=\"https:\/\/www.journalducameroun.com\/la-poste-de-cote-divoire-accuse-un-mois-darriere-de-salaires\/\">Cliquez ici pour lire l&rsquo;article depuis sa source.<\/a><\/p>\n","protected":false},"excerpt":{"rendered":"<p>Le ministre ivoirien de l\u2019\u00c9conomie num\u00e9rique, des t\u00e9l\u00e9communications et de l\u2019innovation, Roger F\u00e9lix Adom, a rencontr\u00e9 mercredi, \u00e0 Abidjan, le personnel de la Poste de C\u00f4te d\u2019Ivoire qui accuse \u00ab\u00a0un mois d\u2019arri\u00e9r\u00e9 de salaire\u00a0\u00bb.\u00a0\u00bbNous ferons en sorte d\u2019apporter des solutions durables qui fassent en sorte que votre quotidien soit agr\u00e9able et que vos fins de [&hellip;]<\/p>\n","protected":false},"author":1965,"featured_media":0,"comment_status":"closed","ping_status":"closed","sticky":false,"template":"","format":"standard","meta":{"fifu_image_url":"","fifu_image_alt":"","footnotes":""},"categories":[73,82],"tags":[],"class_list":["post-122658","post","type-post","status-publish","format-standard","hentry","category-actualite","category-cameroun"],"_links":{"self":[{"href":"https:\/\/linitiative.ca\/International\/wp-json\/wp\/v2\/posts\/122658","targetHints":{"allow":["GET"]}}],"collection":[{"href":"https:\/\/linitiative.ca\/International\/wp-json\/wp\/v2\/posts"}],"about":[{"href":"https:\/\/linitiative.ca\/International\/wp-json\/wp\/v2\/types\/post"}],"author":[{"embeddable":true,"href":"https:\/\/linitiative.ca\/International\/wp-json\/wp\/v2\/users\/1965"}],"replies":[{"embeddable":true,"href":"https:\/\/linitiative.ca\/International\/wp-json\/wp\/v2\/comments?post=122658"}],"version-history":[{"count":0,"href":"https:\/\/linitiative.ca\/International\/wp-json\/wp\/v2\/posts\/122658\/revisions"}],"wp:attachment":[{"href":"https:\/\/linitiative.ca\/International\/wp-json\/wp\/v2\/media?parent=122658"}],"wp:term":[{"taxonomy":"category","embeddable":true,"href":"https:\/\/linitiative.ca\/International\/wp-json\/wp\/v2\/categories?post=122658"},{"taxonomy":"post_tag","embeddable":true,"href":"https:\/\/linitiative.ca\/International\/wp-json\/wp\/v2\/tags?post=122658"}],"curies":[{"name":"wp","href":"https:\/\/api.w.org\/{rel}","templated":true}]}}