{"id":122661,"date":"2021-07-28T16:18:03","date_gmt":"2021-07-28T20:18:03","guid":{"rendered":"https:\/\/linitiative.ca\/International\/pas-de-changement-dans-la-politique-americaine-sur-le-sahara-responsable-us\/"},"modified":"2021-07-28T16:18:03","modified_gmt":"2021-07-28T20:18:03","slug":"pas-de-changement-dans-la-politique-americaine-sur-le-sahara-responsable-us","status":"publish","type":"post","link":"https:\/\/linitiative.ca\/International\/pas-de-changement-dans-la-politique-americaine-sur-le-sahara-responsable-us\/","title":{"rendered":"Pas de changement dans la politique am\u00e9ricaine sur le Sahara (responsable US)"},"content":{"rendered":"<div>\n<p><img loading=\"lazy\" decoding=\"async\" width=\"960\" height=\"640\" src=\"https:\/\/linitiative.ca\/International\/wp-content\/uploads\/sites\/23\/2021\/07\/16275034832443.jpg\" class=\"attachment-post-thumbnail size-post-thumbnail wp-post-image\" alt=\"\" srcset=\"https:\/\/linitiative.ca\/International\/wp-content\/uploads\/sites\/23\/2021\/07\/16275034832443.jpg 960w, https:\/\/www.journalducameroun.com\/wp-content\/uploads\/2021\/07\/16275034832443-300x200.jpg 300w, https:\/\/www.journalducameroun.com\/wp-content\/uploads\/2021\/07\/16275034832443-768x512.jpg 768w, https:\/\/www.journalducameroun.com\/wp-content\/uploads\/2021\/07\/16275034832443-660x440.jpg 660w, https:\/\/www.journalducameroun.com\/wp-content\/uploads\/2021\/07\/16275034832443-600x400.jpg 600w\" sizes=\"auto, (max-width: 960px) 100vw, 960px\"><\/p>\n<p>Le Secr\u00e9taire am\u00e9ricain Adjoint par int\u00e9rim au Bureau des Affaires du Proche-Orient, M. Joey Hood, a r\u00e9it\u00e9r\u00e9 la position inchang\u00e9e des \u00c9tats-Unis d&rsquo;Am\u00e9rique reconnaissant la souverainet\u00e9 du Maroc sur le Sahara.\u00ab Il n&rsquo;y a pas de changement dans la politique am\u00e9ricaine sur le Sahara compar\u00e9e avec la pr\u00e9c\u00e9dente Administration \u00bb, a affirm\u00e9 le Secr\u00e9taire Adjoint par int\u00e9rim au Bureau des Affaires du Proche-Orient, lors d&rsquo;une conf\u00e9rence de presse tenue \u00e0 l&rsquo;issue de ses entretiens, mercredi \u00e0 Rabat, avec le ministre marocain des Affaires \u00e9trang\u00e8res, Nasser Bourita, rapporte un communiqu\u00e9 du minist\u00e8re marocain des Affaires \u00e9trang\u00e8res.\u00a0<\/p>\n<p>Il a, dans ce sens, soulign\u00e9 que les \u00c9tats-Unis soutiennent fortement les efforts pour la d\u00e9signation d&rsquo;un envoy\u00e9 personnel du Secr\u00e9taire G\u00e9n\u00e9ral de l&rsquo;ONU pour le Sahara, et ce, dans les plus brefs d\u00e9lais, ajoute la m\u00eame source.<\/p>\n<p>M. Hood a mis en exergue les relations profondes et le partenariat strat\u00e9gique unissant le Maroc et les Etats-Unis que les deux pays \u0153uvrent \u00e0 renforcer davantage, sous le leadership du Roi Mohammed VI.<\/p>\n<p>Rappelant que le Maroc \u00e9tait le premier pays \u00e0 reconna\u00eetre l&rsquo;ind\u00e9pendance des \u00c9tats-Unis, M. Hood a salu\u00e9 le soutien continu et pr\u00e9cieux du Royaume dans des questions d&rsquo;int\u00e9r\u00eat commun, telles que le processus de paix au Moyen-Orient, la stabilit\u00e9, la s\u00e9curit\u00e9 et le d\u00e9veloppement dans la r\u00e9gion et dans tout le continent africain.<\/p>\n<p>\u00ab\u00a0Le Maroc est un proche partenaire des \u00c9tats-Unis sur un nombre de questions s\u00e9curitaires\u00a0\u00bb a indiqu\u00e9 M. Hood, ajoutant que les deux pays ont sign\u00e9, l&rsquo;ann\u00e9e derni\u00e8re, une feuille de route d\u00e9cennale pour renforcer la coop\u00e9ration en mati\u00e8re de d\u00e9fense, saluant dans ce sens \u00ab\u00a0un symbole de notre coop\u00e9ration strat\u00e9gique de longue date\u00a0\u00bb.<\/p>\n<p>S&rsquo;agissant des relations \u00e9conomiques bilat\u00e9rales, M. Hood a fait savoir que le Maroc est le seul pays li\u00e9 par un accord de libre-\u00e9change (ALE) avec les \u00c9tats-Unis et que plus de 150 entreprises am\u00e9ricaines s&rsquo;activent au Maroc le consid\u00e9rant comme porte d&rsquo;entr\u00e9e au continent africain.<\/p>\n<p>Sur un autre registre, le diplomate am\u00e9ricain a mis en avant la coop\u00e9ration am\u00e9ricano-marocaine en mati\u00e8re de lutte contre la Covid-19, saluant au passage la r\u00e9ussite de la campagne nationale de vaccination.<\/p>\n<p>Cet article <a rel=\"nofollow\" href=\"https:\/\/www.journalducameroun.com\/pas-de-changement-dans-la-politique-americaine-sur-le-sahara-responsable-us\/\">Pas de changement dans la politique am\u00e9ricaine sur le Sahara (responsable US)<\/a> est apparu en premier sur <a rel=\"nofollow\" href=\"https:\/\/www.journalducameroun.com\/\">Journal du Cameroun<\/a>.<\/p>\n<\/div>\n<p>Auteur: APA News<br \/>\n<a href=\"https:\/\/www.journalducameroun.com\/pas-de-changement-dans-la-politique-americaine-sur-le-sahara-responsable-us\/\">Cliquez ici pour lire l&rsquo;article depuis sa source.<\/a><\/p>\n","protected":false},"excerpt":{"rendered":"<p>Le Secr\u00e9taire am\u00e9ricain Adjoint par int\u00e9rim au Bureau des Affaires du Proche-Orient, M. Joey Hood, a r\u00e9it\u00e9r\u00e9 la position inchang\u00e9e des \u00c9tats-Unis d&rsquo;Am\u00e9rique reconnaissant la souverainet\u00e9 du Maroc sur le Sahara.\u00ab Il n&rsquo;y a pas de changement dans la politique am\u00e9ricaine sur le Sahara compar\u00e9e avec la pr\u00e9c\u00e9dente Administration \u00bb, a affirm\u00e9 le Secr\u00e9taire Adjoint [&hellip;]<\/p>\n","protected":false},"author":1965,"featured_media":0,"comment_status":"closed","ping_status":"closed","sticky":false,"template":"","format":"standard","meta":{"fifu_image_url":"https:\/\/www.journalducameroun.com\/wp-content\/uploads\/2021\/07\/16275034832443.jpg","fifu_image_alt":"Pas de changement dans la politique am\u00e9ricaine sur le Sahara (responsable US)","footnotes":""},"categories":[73,82],"tags":[],"class_list":["post-122661","post","type-post","status-publish","format-standard","hentry","category-actualite","category-cameroun"],"_links":{"self":[{"href":"https:\/\/linitiative.ca\/International\/wp-json\/wp\/v2\/posts\/122661","targetHints":{"allow":["GET"]}}],"collection":[{"href":"https:\/\/linitiative.ca\/International\/wp-json\/wp\/v2\/posts"}],"about":[{"href":"https:\/\/linitiative.ca\/International\/wp-json\/wp\/v2\/types\/post"}],"author":[{"embeddable":true,"href":"https:\/\/linitiative.ca\/International\/wp-json\/wp\/v2\/users\/1965"}],"replies":[{"embeddable":true,"href":"https:\/\/linitiative.ca\/International\/wp-json\/wp\/v2\/comments?post=122661"}],"version-history":[{"count":0,"href":"https:\/\/linitiative.ca\/International\/wp-json\/wp\/v2\/posts\/122661\/revisions"}],"wp:attachment":[{"href":"https:\/\/linitiative.ca\/International\/wp-json\/wp\/v2\/media?parent=122661"}],"wp:term":[{"taxonomy":"category","embeddable":true,"href":"https:\/\/linitiative.ca\/International\/wp-json\/wp\/v2\/categories?post=122661"},{"taxonomy":"post_tag","embeddable":true,"href":"https:\/\/linitiative.ca\/International\/wp-json\/wp\/v2\/tags?post=122661"}],"curies":[{"name":"wp","href":"https:\/\/api.w.org\/{rel}","templated":true}]}}