{"id":122664,"date":"2021-07-28T11:15:22","date_gmt":"2021-07-28T15:15:22","guid":{"rendered":"https:\/\/linitiative.ca\/International\/investissement-des-entrepreneurs-francais-explorent-les-secteurs-porteurs-au-cameroun\/"},"modified":"2021-07-28T11:15:22","modified_gmt":"2021-07-28T15:15:22","slug":"investissement-des-entrepreneurs-francais-explorent-les-secteurs-porteurs-au-cameroun","status":"publish","type":"post","link":"https:\/\/linitiative.ca\/International\/investissement-des-entrepreneurs-francais-explorent-les-secteurs-porteurs-au-cameroun\/","title":{"rendered":"Investissement : des entrepreneurs fran\u00e7ais explorent les secteurs porteurs au Cameroun"},"content":{"rendered":"<div>\n<p>Le ministre des Petites et moyennes entreprises, de l\u2019\u00e9conomie sociale et de l\u2019artisanat (Minpmeesa), Achille Basselekin III, a re\u00e7u en audience le 26 juillet 2021,\u00a0une mission fran\u00e7aise de prospection d\u2019entrepreneurs de la R\u00e9gion Centre-Val de Loire (Paris, \u00cele de France).\u00a0La mission re\u00e7ue est compos\u00e9e d\u2019une dizaine d\u2019entrepreneurs dans les secteurs d\u2019activit\u00e9s du\u00a0transport, la sant\u00e9, la technologie, la biom\u00e9trie, les ouvrages d\u2019art m\u00e9tallique, les ponts, le commerce de gros, la construction, le b\u00e2timent, les constructions m\u00e9talliques et l\u2019agro-alimentaire.<\/p>\n<p><strong>Lire aussi<\/strong> : <strong><a href=\"https:\/\/ecomatin.net\/acces-au-financement-des-pmes-le-gicam-regroupe-les-acteurs-du-secteurss\/\">Acc\u00e8s au financement des PMEs : le Gicam regroupe les acteurs du secteur<\/a><\/strong><\/p>\n<p>Selon les services du Minpmeesa, il s\u2019agit pour cette mission entre autres de\u00a0d\u00e9couvrir plus pr\u00e9cis\u00e9ment le paysage \u00e9conomique camerounais et ses opportunit\u00e9s\u00a0; proposer des services, \u00e9quipements et produits divers\u00a0; avoir acc\u00e8s aux grands projets initi\u00e9s par le Cameroun\u00a0; implanter les succursales des entreprises fran\u00e7aises au Cameroun\u00a0et identifier des entreprises sous-traitantes locales avec lesquelles des contrats seraient envisageables. La mission permettra surtout aux investisseurs fran\u00e7ais de rencontrer des entrepreneurs camerounais et de saisir les opportunit\u00e9s qu\u2019offre le pays. De m\u00eame, elle s\u2019inscrit dans la perspective de d\u00e9crocher des contrats et nouer des partenariats gagnants-gagnants.<\/p>\n<p><strong>Lire aussi<\/strong> : <strong><a href=\"https:\/\/ecomatin.net\/le-fonds-dinvestissement-ip-revendique-des-financements-dans-170-pme-en-afrique-subsaharienne\/\">Le fonds d\u2019investissement I&amp;P revendique des financements dans 170 PME en Afrique subsaharienne<\/a><\/strong><\/p>\n<p>Il est alors envisag\u00e9 au terme de la visite de cette mission \u00ab\u00a0un rayonnement de l\u2019image du secteur priv\u00e9 camerounais\u00a0; la signature de contrats de partenariats entre les PME camerounaises et fran\u00e7aises\u00a0sur le territoire national\u00a0\u00bb, renseigne les services du Minpmeesa. Dans l\u2019agenda de cette mission au Cameroun, l\u2019on peut d\u00e9j\u00e0 noter une rencontre B to B avec les investisseurs, PME nationales. C\u2019\u00e9tait \u00e0 la Bourse de Sous-Traitance et de Partenariat (BSTP-CAM).<\/p>\n<p><strong>Cameroun, terre d\u2019opportunit\u00e9s<\/strong><strong><\/strong><\/p>\n<p>Il convient d\u2019indiquer que la pr\u00e9sence de cette mission en terre camerounaise est la continuit\u00e9 d\u2019un processus engag\u00e9 depuis le 16 juin. L\u2019on se souvient qu\u2019une\u00a0mission business des PME fran\u00e7aises Aix-Marseille-Provence avait s\u00e9journ\u00e9 au Cameroun et a lanc\u00e9 son activit\u00e9 \u00e0 la Chambre de Commerce, de l\u2019industrie, des mines et de l\u2019artisanat du Cameroun (Ccima). Cette mission s\u2019est donn\u00e9 pour objectif de\u00a0d\u00e9velopper les opportunit\u00e9s d\u2019affaires entre les PME camerounaises et les PME europ\u00e9ennes, et d\u2019accro\u00eetre les investissements directs \u00e9trangers au Cameroun.<\/p>\n<p><strong>Lire aussi<\/strong> : <strong><a href=\"https:\/\/ecomatin.net\/accompagnement-des-pme-un-nouveauu-guichet-de-financement-desormais-disponible\/\">Accompagnement des PME : un nouveau guichet de financement d\u00e9sormais disponible<\/a><\/strong><\/p>\n<p>Selon Achille Basselekin III, l\u2019initiative de la mission business rev\u00eat pour le gouvernement camerounais, un caract\u00e8re majeur \u00e0 plusieurs titres. Elle permet notamment d\u2019encourager et de valoriser l\u2019initiative locale en faveur de la promotion de l\u2019investissement priv\u00e9 dans notre pays, de soutenir la mat\u00e9rialisation des projets f\u00e9d\u00e9rateurs et porteurs de croissance.\u00a0\u00ab\u00a0 Cet important\u00a0 projet a l\u2019ambition de doter nos PME et nos Start-up d\u2019un cadre formel d\u2019\u00e9change et de partage avec des r\u00e9seaux internationaux. Bien plus encore, il vise le d\u00e9veloppement de leurs comp\u00e9tences\u00a0\u00bb, avait indiqu\u00e9 lors de la c\u00e9r\u00e9monie.<\/p>\n<p>Le Vice-pr\u00e9sident de la Chambre de Commerce et d\u2019Industrie de Marseille Fr\u00e9deric Ronal , a pour sa part rappel\u00e9 qu\u2019il est question de connecter les PME camerounaises \u00e0 celles d\u2019Europe et d\u2019Afrique via la plateforme qui regroupe \u00e9galement en son sein les entreprises pr\u00e9sentes en Mauritanie, au S\u00e9n\u00e9gal, en C\u00f4te d\u2019Ivoire et \u00e0 Djibouti.\u00a0\u00ab\u00a0L\u2019id\u00e9e c\u2019est d\u2019assurer cette connexion avec les autres entrepreneurs\u00a0\u00bb, a-t-il d\u00e9clar\u00e9. C\u2019est dans cette optique que le Comit\u00e9 Africalink, qui repr\u00e9sente une communaut\u00e9 d\u2019entrepreneurs d\u2019Afrique et d\u2019Europe est dispos\u00e9 \u00e0 mat\u00e9rialiser des relations d\u2019affaires concr\u00e8tes et prosp\u00e8res afin de favoriser la cr\u00e9ation d\u2019emplois et de valeurs sur les deux continents.<\/p>\n<p><strong>Lire aussi <\/strong>: <strong><a href=\"https:\/\/ecomatin.net\/credits-a-leconomie-les-banques-continuentt-de-bouder-les-pme\/\">Cr\u00e9dits \u00e0 l\u2019\u00e9conomie : les banques continuent de bouder les PME<\/a><\/strong><\/p>\n<p>L\u2019article <a rel=\"nofollow\" href=\"https:\/\/ecomatin.net\/investissement-des-entrepreneurss-francais-explorentt-les-secteurs-porteurs-au-cameroun\/\">Investissement : des entrepreneurs fran\u00e7ais explorent les secteurs porteurs au Cameroun<\/a> est apparu en premier sur <a rel=\"nofollow\" href=\"https:\/\/ecomatin.net\/\">EcoMatin<\/a>.<\/p>\n<\/div>\n<p>Auteur: Cindy MBALA<br \/>\n<a href=\"https:\/\/ecomatin.net\/investissement-des-entrepreneurss-francais-explorentt-les-secteurs-porteurs-au-cameroun\/\">Cliquez ici pour lire l&rsquo;article depuis sa source.<\/a><\/p>\n","protected":false},"excerpt":{"rendered":"<p>Le ministre des Petites et moyennes entreprises, de l\u2019\u00e9conomie sociale et de l\u2019artisanat (Minpmeesa), Achille Basselekin III, a re\u00e7u en audience le 26 juillet 2021,\u00a0une mission fran\u00e7aise de prospection d\u2019entrepreneurs de la R\u00e9gion Centre-Val de Loire (Paris, \u00cele de France).\u00a0La mission re\u00e7ue est compos\u00e9e d\u2019une dizaine d\u2019entrepreneurs dans les secteurs d\u2019activit\u00e9s du\u00a0transport, la sant\u00e9, la [&hellip;]<\/p>\n","protected":false},"author":1969,"featured_media":0,"comment_status":"closed","ping_status":"closed","sticky":false,"template":"","format":"standard","meta":{"fifu_image_url":"","fifu_image_alt":"","footnotes":""},"categories":[82,78],"tags":[],"class_list":["post-122664","post","type-post","status-publish","format-standard","hentry","category-cameroun","category-economie"],"_links":{"self":[{"href":"https:\/\/linitiative.ca\/International\/wp-json\/wp\/v2\/posts\/122664","targetHints":{"allow":["GET"]}}],"collection":[{"href":"https:\/\/linitiative.ca\/International\/wp-json\/wp\/v2\/posts"}],"about":[{"href":"https:\/\/linitiative.ca\/International\/wp-json\/wp\/v2\/types\/post"}],"author":[{"embeddable":true,"href":"https:\/\/linitiative.ca\/International\/wp-json\/wp\/v2\/users\/1969"}],"replies":[{"embeddable":true,"href":"https:\/\/linitiative.ca\/International\/wp-json\/wp\/v2\/comments?post=122664"}],"version-history":[{"count":0,"href":"https:\/\/linitiative.ca\/International\/wp-json\/wp\/v2\/posts\/122664\/revisions"}],"wp:attachment":[{"href":"https:\/\/linitiative.ca\/International\/wp-json\/wp\/v2\/media?parent=122664"}],"wp:term":[{"taxonomy":"category","embeddable":true,"href":"https:\/\/linitiative.ca\/International\/wp-json\/wp\/v2\/categories?post=122664"},{"taxonomy":"post_tag","embeddable":true,"href":"https:\/\/linitiative.ca\/International\/wp-json\/wp\/v2\/tags?post=122664"}],"curies":[{"name":"wp","href":"https:\/\/api.w.org\/{rel}","templated":true}]}}