{"id":122665,"date":"2021-07-28T12:08:55","date_gmt":"2021-07-28T16:08:55","guid":{"rendered":"https:\/\/linitiative.ca\/International\/statistiques-les-premiers-pas-du-recensement-de-lagriculture-et-de-la-population\/"},"modified":"2021-07-28T12:08:55","modified_gmt":"2021-07-28T16:08:55","slug":"statistiques-les-premiers-pas-du-recensement-de-lagriculture-et-de-la-population","status":"publish","type":"post","link":"https:\/\/linitiative.ca\/International\/statistiques-les-premiers-pas-du-recensement-de-lagriculture-et-de-la-population\/","title":{"rendered":"Statistiques : les premiers pas du recensement de l\u2019agriculture et de la population"},"content":{"rendered":"<div>\n<p>Annonc\u00e9 pour le mois de juin 2021, les premiers profils du quatri\u00e8me recensement g\u00e9n\u00e9ral de la population et de l\u2019habitat (4\u00e8me Rgph) et celui du module de base du recensement g\u00e9n\u00e9ral de l\u2019Agriculture et de l\u2019\u00e9levage (Rgae), pointent l\u2019horizon. La justification est tout simplement le recrutement de 598 contr\u00f4leurs que vient de lancer les coordinations nationales du 4\u00e8me Rgph et du Rgae.<\/p>\n<p><strong>Lire aussi<\/strong> : <strong><a href=\"https:\/\/ecomatin.net\/statistiques-agricoless-le-recensement-general-agricole-dans-les-tiroirs-depuis-8-ans\/\">Statistiques agricoles: le recensement g\u00e9n\u00e9ral agricole dans les tiroirs depuis 8 ans<\/a><\/strong><\/p>\n<p>\u00abPlac\u00e9 sous la supervision des Coordonnateurs nationaux du quatri\u00e8me recensement g\u00e9n\u00e9ral de la population et de l\u2019habitat et celui du module de base du recensement g\u00e9n\u00e9ral de l\u2019Agriculture et de l\u2019\u00e9levage, le contr\u00f4leur est entre autres charg\u00e9 de : former les agents recenseurs, organiser et de suivre l\u2019ex\u00e9cution de la collecte des donn\u00e9es dans sa zone de contr\u00f4le et transf\u00e9rer les donn\u00e9es collect\u00e9es par les Agents recenseurs vers le serveur central \u00bb, renseigne le communiqu\u00e9 rendu public par les autorit\u00e9s comp\u00e9tentes.<\/p>\n<p><strong>Lire aussi<\/strong> : <strong><a href=\"https:\/\/ecomatin.net\/population-agriculture-et-elevage-les-recensements-generaux-attendus-depuis-quatre-ans\/\">Population, agriculture et \u00e9levage : les recensements g\u00e9n\u00e9raux attendus depuis quatre ans<\/a><\/strong><\/p>\n<p>Le profil recherch\u00e9 ici doit : \u00eatre \u00e2g\u00e9 de 25 ans au moins et de 50 ans au 1er janvier de l\u2019ann\u00e9e en cours ; travailler dans le d\u00e9partement ou l\u2019arrondissement sollicit\u00e9 ; \u00eatre personnel de l\u2019Etat (professionnel de la statistique, de l\u2019agronomie, de la zootechnie et autres personnels de l\u2019Etat de niveau au Bac+3 au moins) ; \u00eatre aptes physiquement ; avoir une connaissance de l\u2019outil informatique etc. Il est alors demand\u00e9 que les soumissionnaires \u00e0 ce recrutement disposent de trois aptitudes : maitriser une des langues locales de l\u2019arrondissement sollicit\u00e9, travailler en \u00e9quipe et sous pression et disposer d\u2019un permis de conduire de cat\u00e9gorie A.<\/p>\n<p><strong>Longtemps attendu<\/strong><\/p>\n<p>Ce recrutement que vient de lancer le Coordination nationale du recensement g\u00e9n\u00e9ral de l\u2019Agriculture et de l\u2019\u00e9levage, vient confirmer ce qui avait \u00e9t\u00e9 annonc\u00e9 par le Comit\u00e9 technique national du Recensement G\u00e9n\u00e9ral de l\u2019Agriculture et de l\u2019Elevage, lors de la 8\u00e8me session du Comit\u00e9 technique, le 1 f\u00e9vrier dernier. Durant cette rencontre le ministre de l\u2019Agriculture et du d\u00e9veloppement rural (Minader), Gabriel Mbairobe s\u2019est voulu rassurant : \u00ab A cette date, nous pouvons dire que toutes les diligences administratives ont \u00e9t\u00e9 faites. Nous commen\u00e7ons \u00e0 voir le bout du tunnel. A partir du mois de mars 2021, nous entrerons dans la phase active du Rgae qui va connaitre son apoth\u00e9ose en juin-juillet par le d\u00e9nombrement \u00bb, faisait-il savoir.<\/p>\n<p><strong>Lire aussi<\/strong> : <strong><a href=\"https:\/\/ecomatin.net\/ou-est-passe-le-recensement-de-la-population\/\">O\u00f9 est pass\u00e9 le recensement de la population ?<\/a><\/strong><\/p>\n<p>L\u2019on se souvient que c\u2019est depuis 2013 que le Rgae est annonc\u00e9 au Cameroun, pr\u00e9vu pour durer 42 mois, s\u2019\u00e9talant de juillet 2013 \u00e0 d\u00e9cembre 2016. La strat\u00e9gie de mise en \u0153uvre pr\u00e9vue \u00e0 cet effet s\u2019articulait en quatre phases: la phase I (Juillet \u2013 D\u00e9cembre 2013): Elaboration des documents techniques du RGAE (Pr\u00e9paration administrative et technique du RGAE, Renforcement des capacit\u00e9s techniques et op\u00e9rationnelles) ; la phase II (Janvier \u2013 D\u00e9cembre 2014): R\u00e9alisation des Modules de Base et Communautaire (D\u00e9nombrement exhaustif, Traitement informatique, Analyse et Diffusion des r\u00e9sultats) ; la phase III (Janvier2015 \u2013 D\u00e9cembre 2016): R\u00e9alisation des Modules Compl\u00e9mentaires\/Th\u00e9matiques (D\u00e9nombrement par sondage, Traitement informatique, Analyse et Diffusion des r\u00e9sultats) ; la phase IV (Juillet 2013 \u2013 D\u00e9cembre 2016): Consolidation de CountrySTAT (Diss\u00e9mination\/Archivage des donn\u00e9es du RGAE, des enqu\u00eates et des statistiques courantes).<\/p>\n<p>Il faut rappeler que la tenue de ces deux recensements permettra au Cameroun de se doter de statistiques fiables pour le suivi et l\u2019\u00e9valuation des initiatives en faveur des secteurs agropastoral, halieutique et rural.<\/p>\n<p>L<strong>ire aussi<\/strong> : <strong><a href=\"https:\/\/ecomatin.net\/developpement-ce-dividende-demographique-qui-hypotheque-lemergence\/\">D\u00e9veloppement: ce dividende d\u00e9mographique qui hypoth\u00e8que l\u2019\u00e9mergence<\/a><\/strong><\/p>\n<p>L\u2019article <a rel=\"nofollow\" href=\"https:\/\/ecomatin.net\/statistiques-les-premiers-pas-du-recensement-de-lagriculture-et-de-la-population\/\">Statistiques : les premiers pas du recensement de l\u2019agriculture et de la population<\/a> est apparu en premier sur <a rel=\"nofollow\" href=\"https:\/\/ecomatin.net\/\">EcoMatin<\/a>.<\/p>\n<\/div>\n<p>Auteur: Cindy MBALA<br \/>\n<a href=\"https:\/\/ecomatin.net\/statistiques-les-premiers-pas-du-recensement-de-lagriculture-et-de-la-population\/\">Cliquez ici pour lire l&rsquo;article depuis sa source.<\/a><\/p>\n","protected":false},"excerpt":{"rendered":"<p>Annonc\u00e9 pour le mois de juin 2021, les premiers profils du quatri\u00e8me recensement g\u00e9n\u00e9ral de la population et de l\u2019habitat (4\u00e8me Rgph) et celui du module de base du recensement g\u00e9n\u00e9ral de l\u2019Agriculture et de l\u2019\u00e9levage (Rgae), pointent l\u2019horizon. La justification est tout simplement le recrutement de 598 contr\u00f4leurs que vient de lancer les coordinations [&hellip;]<\/p>\n","protected":false},"author":1969,"featured_media":0,"comment_status":"closed","ping_status":"closed","sticky":false,"template":"","format":"standard","meta":{"fifu_image_url":"","fifu_image_alt":"","footnotes":""},"categories":[82,78],"tags":[],"class_list":["post-122665","post","type-post","status-publish","format-standard","hentry","category-cameroun","category-economie"],"_links":{"self":[{"href":"https:\/\/linitiative.ca\/International\/wp-json\/wp\/v2\/posts\/122665","targetHints":{"allow":["GET"]}}],"collection":[{"href":"https:\/\/linitiative.ca\/International\/wp-json\/wp\/v2\/posts"}],"about":[{"href":"https:\/\/linitiative.ca\/International\/wp-json\/wp\/v2\/types\/post"}],"author":[{"embeddable":true,"href":"https:\/\/linitiative.ca\/International\/wp-json\/wp\/v2\/users\/1969"}],"replies":[{"embeddable":true,"href":"https:\/\/linitiative.ca\/International\/wp-json\/wp\/v2\/comments?post=122665"}],"version-history":[{"count":0,"href":"https:\/\/linitiative.ca\/International\/wp-json\/wp\/v2\/posts\/122665\/revisions"}],"wp:attachment":[{"href":"https:\/\/linitiative.ca\/International\/wp-json\/wp\/v2\/media?parent=122665"}],"wp:term":[{"taxonomy":"category","embeddable":true,"href":"https:\/\/linitiative.ca\/International\/wp-json\/wp\/v2\/categories?post=122665"},{"taxonomy":"post_tag","embeddable":true,"href":"https:\/\/linitiative.ca\/International\/wp-json\/wp\/v2\/tags?post=122665"}],"curies":[{"name":"wp","href":"https:\/\/api.w.org\/{rel}","templated":true}]}}