{"id":122666,"date":"2021-07-28T13:04:37","date_gmt":"2021-07-28T17:04:37","guid":{"rendered":"https:\/\/linitiative.ca\/International\/cooperation-le-quebec-explore-les-opportunites-daffaires-avec-le-cameroun\/"},"modified":"2021-07-28T13:04:37","modified_gmt":"2021-07-28T17:04:37","slug":"cooperation-le-quebec-explore-les-opportunites-daffaires-avec-le-cameroun","status":"publish","type":"post","link":"https:\/\/linitiative.ca\/International\/cooperation-le-quebec-explore-les-opportunites-daffaires-avec-le-cameroun\/","title":{"rendered":"Coop\u00e9ration : le Qu\u00e9bec explore les opportunit\u00e9s d\u2019affaires avec le Cameroun"},"content":{"rendered":"<div>\n<p>Le Cameroun et le Qu\u00e9bec sont li\u00e9s par une entente de coop\u00e9ration dans les domaines de l\u2019Education et de la Formation, sign\u00e9e par les gouvernements des deux entit\u00e9s en 2011, et dont l\u2019objectif vise \u00e0 encourager et \u00e0 favoriser la coop\u00e9ration entre le Qu\u00e9bec et le Cameroun dans le volet de l\u2019enseignement sup\u00e9rieur, et dans des secteurs d\u2019int\u00e9r\u00eat commun. Le temps est venu pour cet Etat canadien de revisiter ses axes de coop\u00e9ration avec le Cameroun, \u00e0 l\u2019effet de les densifier, de les consolider et surtout de les diversifier. Pour ce faire, des \u00e9missaires qu\u00e9b\u00e9cois s\u00e9journent depuis le lundi 26 juillet 2021 au Cameroun, conduits par le D\u00e9l\u00e9gu\u00e9 g\u00e9n\u00e9ral du Qu\u00e9bec bas\u00e9 \u00e0 Dakar au S\u00e9n\u00e9gal, avec comp\u00e9tence pour le Cameroun, Iya Tour\u00e9, pour une visite officielle d\u2019une semaine. Pendant leur s\u00e9jour, ils vont explorer avec les autorit\u00e9s camerounaises, les opportunit\u00e9s d\u2019affaires qui s\u2019offrent aux deux entit\u00e9s et travailler au renforcement de leurs liens de coop\u00e9ration \u00e9conomique.<\/p>\n<p><strong>Lire aussi<\/strong> : <strong><a href=\"https:\/\/ecomatin.net\/le-canada-accorde-une-aide-humanitaire-de-32-milliards-au-cameroun\/\">Le Canada accorde une aide humanitaire de 3,2 milliards au Cameroun<\/a><\/strong><\/p>\n<p>L\u2019entame de cette visite a donn\u00e9 lundi \u00e0 Iya Tour\u00e9 et sa suite, guid\u00e9s par le Haut-Commissaire du Canada au Cameroun, Richard Bale, de se rendre tour \u00e0 tour chez le Premier ministre Chef du Gouvernement, Joseph Dion, chez le ministre des Relations Ext\u00e9rieures Lejeune Mbella Mbella, puis \u00e0 la rencontre du ministre de l\u2019Economie, de la Planification et de l\u2019Am\u00e9nagement du Territoire, Alamine Ousmane Mey. \u00ab Quand on vient au Cameroun, on veut parler de beaucoup de choses. C\u2019est un pays qui a d\u2019\u00e9normes potentiels. Ce qui nous int\u00e9resse au Qu\u00e9bec ces temps-ci, c\u2019est le volet \u00e9conomique. Le Canada fait beaucoup de coop\u00e9ration au Cameroun ou en Afrique, mais on a l\u2019impression que le volet \u00e9conomique traine un peu. On veut mettre l\u2019emphase sur ce volet-l\u00e0. On veut faire d\u00e9couvrir aux entreprises canadiennes et qu\u00e9b\u00e9coises, le potentiel \u00e9conomique de l\u2019Afrique, et en particulier du Cameroun, pour que ces entreprises-l\u00e0 puissent venir faire partie de cette danse-l\u00e0, et b\u00e9n\u00e9ficier des opportunit\u00e9s qui existent. On va avoir une situation win-win, aussi bien pour le Cameroun que pour le Qu\u00e9bec \u00bb, a d\u00e9clar\u00e9 le D\u00e9l\u00e9gu\u00e9 g\u00e9n\u00e9ral du Qu\u00e9bec Iya Tour\u00e9.<\/p>\n<p><strong>Secteurs prioritaires<\/strong><\/p>\n<p>Le Qu\u00e9bec envisage des investissements au Cameroun dans les domaines de l\u2019agro-industrie avec un accent sur le volet transformation. Ce qui contribuerait \u00e0 r\u00e9duire consid\u00e9rablement les exportations des mati\u00e8res premi\u00e8res. Le volet Education n\u2019est pas \u00e9galement en reste. C\u2019est d\u2019ailleurs l\u2019un des axes de coop\u00e9ration qui lie les deux entit\u00e9s depuis de nombreuses ann\u00e9es. Le Qu\u00e9bec offre de nombreuses facilit\u00e9s d\u2019int\u00e9gration aux \u00e9tudiants et travailleurs camerounais, et envisage par ailleurs de renforcer son volet immigration \u00e0 la faveur du renforcement de cette coop\u00e9ration. \u00ab Il y a plusieurs \u00e9tudiants camerounais au Qu\u00e9bec, mais \u00e9galement, il y en a qui ont travaill\u00e9 au Qu\u00e9bec. Mais, on souhaite d\u00e9velopper ce volet de l\u2019immigration, parce que le Qu\u00e9bec a besoin d\u2019employer. Il fait face \u00e0 un grand d\u00e9fi, celui de la raret\u00e9 de la main d\u2019\u0153uvre. Malgr\u00e9 la pand\u00e9mie, plusieurs secteurs d\u2019activit\u00e9 sont en d\u00e9veloppement, notamment celui des Technologies de l\u2019Information \u00bb, acquiesce Marc-Antoine Cadieux, premier conseiller et conseiller \u00e0 la prospection et \u00e0 la promotion \u00e0 la D\u00e9l\u00e9gation g\u00e9n\u00e9ral du Qu\u00e9bec \u00e0 Dakar.<\/p>\n<p><strong>Lire aussi<\/strong> : <strong><a href=\"https:\/\/ecomatin.net\/diamants-bruts-la-production-en-baisse-du-cameroun-donne-raison-a-un-partenariat-afrique-canada\/\">Diamants Bruts : la production en baisse du Cameroun donne raison \u00e0 un partenariat Afrique-Canada<\/a><\/strong><\/p>\n<p>En plus du secteur des Technologies de l\u2019Information, la province qu\u00e9b\u00e9coise va \u00e9galement mettre un accent sur l\u2019employabilit\u00e9 des travailleurs camerounais qualifi\u00e9s, notamment dans les m\u00e9tiers manuels tels que la soudure, l\u2019\u00e9lectrom\u00e9canique, \u00e9lectronique, la m\u00e9canique automobile\u2026 \u00ab Avec le vieillissement de la population, les dipl\u00f4m\u00e9s ne suffisent pas \u00e0 satisfaire la demande des entreprises. Le Qu\u00e9bec recrute dans tous les secteurs d\u2019activit\u00e9. On souhaite d\u00e9velopper cette semaine, les pistes de collaboration possible, notamment avec le minist\u00e8re de l\u2019Emploi et de la Formation Professionnelle et le Fonds National de l\u2019Emploi \u00bb, rench\u00e9rit Marc-Antoine Cadieux. La d\u00e9l\u00e9gation qu\u00e9b\u00e9coise en s\u00e9jour au Cameroun va \u00e9galement prospecter dans la capitale \u00e9conomique Douala, o\u00f9 il est envisag\u00e9 d\u2019implanter une repr\u00e9sentation du Qu\u00e9bec \u00e0 l\u2019avenir.<\/p>\n<p><strong>Lire aussi<\/strong> : <strong><a href=\"https:\/\/ecomatin.net\/reglementation-des-changes-celestin-tawamba-peut-il-faire-reculer-la-beac\/\">R\u00e8glementation des changes : C\u00e9lestin Tawamba peut-il faire reculer la Beac ?<\/a><\/strong><\/p>\n<p>L\u2019article <a rel=\"nofollow\" href=\"https:\/\/ecomatin.net\/cooperationn-le-quebec-explore-les-s-opportunites-daffaires-avec-le-cameroun\/\">Coop\u00e9ration : le Qu\u00e9bec explore les opportunit\u00e9s d\u2019affaires avec le Cameroun<\/a> est apparu en premier sur <a rel=\"nofollow\" href=\"https:\/\/ecomatin.net\/\">EcoMatin<\/a>.<\/p>\n<\/div>\n<p>Auteur: Yannick KENNE<br \/>\n<a href=\"https:\/\/ecomatin.net\/cooperationn-le-quebec-explore-les-s-opportunites-daffaires-avec-le-cameroun\/\">Cliquez ici pour lire l&rsquo;article depuis sa source.<\/a><\/p>\n","protected":false},"excerpt":{"rendered":"<p>Le Cameroun et le Qu\u00e9bec sont li\u00e9s par une entente de coop\u00e9ration dans les domaines de l\u2019Education et de la Formation, sign\u00e9e par les gouvernements des deux entit\u00e9s en 2011, et dont l\u2019objectif vise \u00e0 encourager et \u00e0 favoriser la coop\u00e9ration entre le Qu\u00e9bec et le Cameroun dans le volet de l\u2019enseignement sup\u00e9rieur, et dans [&hellip;]<\/p>\n","protected":false},"author":1969,"featured_media":0,"comment_status":"closed","ping_status":"closed","sticky":false,"template":"","format":"standard","meta":{"fifu_image_url":"","fifu_image_alt":"","footnotes":""},"categories":[82,78],"tags":[],"class_list":["post-122666","post","type-post","status-publish","format-standard","hentry","category-cameroun","category-economie"],"_links":{"self":[{"href":"https:\/\/linitiative.ca\/International\/wp-json\/wp\/v2\/posts\/122666","targetHints":{"allow":["GET"]}}],"collection":[{"href":"https:\/\/linitiative.ca\/International\/wp-json\/wp\/v2\/posts"}],"about":[{"href":"https:\/\/linitiative.ca\/International\/wp-json\/wp\/v2\/types\/post"}],"author":[{"embeddable":true,"href":"https:\/\/linitiative.ca\/International\/wp-json\/wp\/v2\/users\/1969"}],"replies":[{"embeddable":true,"href":"https:\/\/linitiative.ca\/International\/wp-json\/wp\/v2\/comments?post=122666"}],"version-history":[{"count":0,"href":"https:\/\/linitiative.ca\/International\/wp-json\/wp\/v2\/posts\/122666\/revisions"}],"wp:attachment":[{"href":"https:\/\/linitiative.ca\/International\/wp-json\/wp\/v2\/media?parent=122666"}],"wp:term":[{"taxonomy":"category","embeddable":true,"href":"https:\/\/linitiative.ca\/International\/wp-json\/wp\/v2\/categories?post=122666"},{"taxonomy":"post_tag","embeddable":true,"href":"https:\/\/linitiative.ca\/International\/wp-json\/wp\/v2\/tags?post=122666"}],"curies":[{"name":"wp","href":"https:\/\/api.w.org\/{rel}","templated":true}]}}