{"id":122667,"date":"2021-07-28T13:13:48","date_gmt":"2021-07-28T17:13:48","guid":{"rendered":"https:\/\/linitiative.ca\/International\/la-societe-dhevea-sudcam-obtient-la-certification-iso-9001\/"},"modified":"2021-07-28T13:13:48","modified_gmt":"2021-07-28T17:13:48","slug":"la-societe-dhevea-sudcam-obtient-la-certification-iso-9001","status":"publish","type":"post","link":"https:\/\/linitiative.ca\/International\/la-societe-dhevea-sudcam-obtient-la-certification-iso-9001\/","title":{"rendered":"La soci\u00e9t\u00e9 d\u2019h\u00e9v\u00e9a Sudcam obtient la certification ISO 9001"},"content":{"rendered":"<div>\n<p>Apr\u00e8s 18 mois de proc\u00e9dure, la soci\u00e9t\u00e9 d\u2019h\u00e9v\u00e9a Sudcam vient d\u2019obtenir la certification ISO 9001. \u00abIl s\u2019agit d\u2019une brillante r\u00e9alisation de notre \u00e9quipe chez Sudcam.\u00a0Cette accr\u00e9ditation ISO 9001 repr\u00e9sente l\u2019engagement de Sudcam envers le d\u00e9veloppement continu de nos op\u00e9rations et notre engagement \u00e0 fournir un produit de haute qualit\u00e9.\u00a0Toutes nos f\u00e9licitations\u00bb, se satisfait Jimmy Fran\u00e7ois Pr\u00e9sident-directeur g\u00e9n\u00e9ral\u00a0 de Sudcam.<\/p>\n<p><strong>Lire aussi<\/strong> : <strong><a href=\"https:\/\/ecomatin.net\/financement-polemique-autour-des-14-milliards-alloues-a-sudcam\/\">Financement : pol\u00e9mique autour des 14 milliards allou\u00e9s \u00e0 Sudcam<\/a><\/strong><\/p>\n<p>La\u00a0\u00a0certification qu\u2019obtient la filiale camerounaise de Corrie Maccol applique des normes accr\u00e9dit\u00e9es de mani\u00e8re ind\u00e9pendante au syst\u00e8me de\u00a0\u00a0gestion de la qualit\u00e9 (SMQ)\u00a0de Sudcam,\u00a0dans un large \u00e9ventail de domaines op\u00e9rationnels. Notamment l\u2019orientation client, l\u2019ad\u00e9quation des ressources, la comp\u00e9tence des employ\u00e9s et la gestion des processus.\u00a0La certification obtenue permet par ailleurs de v\u00e9rifier la capacit\u00e9 de Sudcam \u00e0 fournir des produits et services qui r\u00e9pondent aux exigences des clients, ainsi qu\u2019aux exigences l\u00e9gales et r\u00e9glementaires applicables, avec coh\u00e9rence.\u00a0<\/p>\n<p><strong>Lire aussi<\/strong> : <strong><a href=\"https:\/\/ecomatin.net\/filiere-hevea-le-fonds-de-pension-norvegien-retire-ses-financements-a-halcyon-agri\/\">Fili\u00e8re H\u00e9v\u00e9a: le Fonds de pension norv\u00e9gien retire ses financements \u00e0 Halcyon Agri<\/a><\/strong><\/p>\n<p>\u00abDans le cadre de la transition, une culture d\u2019\u00e9valuation et d\u2019am\u00e9lioration plus forte a \u00e9t\u00e9 int\u00e9gr\u00e9e \u00e0 nos op\u00e9rations, offrant de plus grandes opportunit\u00e9s d\u2019att\u00e9nuation des risques et d\u2019am\u00e9lioration op\u00e9rationnelle.\u00a0La proc\u00e9dure ISO a pris environ 18 mois, en tenant compte des retards li\u00e9s au Covid-19, avec des\u00a0actions dont la cr\u00e9ation de 25 Plans qualit\u00e9 et un plan d\u2019action plus large sur 3 ans avec des KPI plus d\u00e9finis.\u00a0Cela s\u2019accompagne des rapports de gestion rigoureux et de la consolidation des\u00a0exigences r\u00e9glementaires et l\u00e9gales\u00bb, explique la soci\u00e9t\u00e9 dans son communiqu\u00e9 rendu public dont EcoMatin a eu copie.\u00a0Dans les d\u00e9tails selon l\u2019entreprise, l\u2019\u00e9valuation de l\u2019adh\u00e9sion de Sudcam aux crit\u00e8res d\u2019accr\u00e9ditation a \u00e9t\u00e9 effectu\u00e9e par un audit interne initial, suivi de deux \u00e9tapes de v\u00e9rification externes par le Bureau Veritas.<\/p>\n<p><strong>Lire aussi<\/strong> : <strong><a href=\"https:\/\/ecomatin.net\/licenciement-du-personnel-hevecam-et-ses-employes-saccordent\/\">Licenciement du personnel : Hevecam et ses employ\u00e9s s\u2019accordent<\/a><\/strong><\/p>\n<p>Rappelons que cette certification est d\u00e9croch\u00e9e alors que l\u2019entreprise est en porte-\u00e0-faux avec les organisations de protection de la nature. En 2018, l\u2019ONG Greenpeace avait pouss\u00e9 le Fonds de pension national norv\u00e9gien \u00e0 d\u00e9sinvestir d\u2019Halcyon Agri \u00abHalcyon agri poss\u00e8de la majorit\u00e9 des actions de Sudcam \u00e0 travers Corrie Maccol soit 80% ndlr\u00a0\u00bb, en raison du \u00ab risque inacceptable que l\u2019entreprise soit responsable de graves dommages environnementaux suite \u00e0 la conversion de la for\u00eat tropicale en plantations de caoutchouc au Cameroun \u00bb. \u00a0La soci\u00e9t\u00e9  d\u00e9pla\u00e7ait les peuples autochtones Baka de leurs terres ancestrales \u00absans m\u00eame avoir essay\u00e9 d\u2019obtenir leur Consentement libre, inform\u00e9 et pr\u00e9alable (CLIP). Accorder ce pr\u00eat qui plus est en pr\u00eat \u201cdurable \u00abest un cas d\u2019\u00e9cole d\u2019\u00e9coblanchiment\u00bb affirmait  Ran\u00e8ce Jovial Ndjeudja, responsable de la campagne For\u00eats de Greenpeace Afrique au Cameroun.<\/p>\n<p>L\u2019article <a rel=\"nofollow\" href=\"https:\/\/ecomatin.net\/la-societe-dhevea-sudcam-obtient-la-certification-iso-9001\/\">La soci\u00e9t\u00e9 d\u2019h\u00e9v\u00e9a Sudcam obtient la certification ISO 9001<\/a> est apparu en premier sur <a rel=\"nofollow\" href=\"https:\/\/ecomatin.net\/\">EcoMatin<\/a>.<\/p>\n<\/div>\n<p>Auteur: Amina MALLOUM<br \/>\n<a href=\"https:\/\/ecomatin.net\/la-societe-dhevea-sudcam-obtient-la-certification-iso-9001\/\">Cliquez ici pour lire l&rsquo;article depuis sa source.<\/a><\/p>\n","protected":false},"excerpt":{"rendered":"<p>Apr\u00e8s 18 mois de proc\u00e9dure, la soci\u00e9t\u00e9 d\u2019h\u00e9v\u00e9a Sudcam vient d\u2019obtenir la certification ISO 9001. \u00abIl s\u2019agit d\u2019une brillante r\u00e9alisation de notre \u00e9quipe chez Sudcam.\u00a0Cette accr\u00e9ditation ISO 9001 repr\u00e9sente l\u2019engagement de Sudcam envers le d\u00e9veloppement continu de nos op\u00e9rations et notre engagement \u00e0 fournir un produit de haute qualit\u00e9.\u00a0Toutes nos f\u00e9licitations\u00bb, se satisfait Jimmy Fran\u00e7ois [&hellip;]<\/p>\n","protected":false},"author":1969,"featured_media":0,"comment_status":"closed","ping_status":"closed","sticky":false,"template":"","format":"standard","meta":{"fifu_image_url":"","fifu_image_alt":"","footnotes":""},"categories":[82,78],"tags":[],"class_list":["post-122667","post","type-post","status-publish","format-standard","hentry","category-cameroun","category-economie"],"_links":{"self":[{"href":"https:\/\/linitiative.ca\/International\/wp-json\/wp\/v2\/posts\/122667","targetHints":{"allow":["GET"]}}],"collection":[{"href":"https:\/\/linitiative.ca\/International\/wp-json\/wp\/v2\/posts"}],"about":[{"href":"https:\/\/linitiative.ca\/International\/wp-json\/wp\/v2\/types\/post"}],"author":[{"embeddable":true,"href":"https:\/\/linitiative.ca\/International\/wp-json\/wp\/v2\/users\/1969"}],"replies":[{"embeddable":true,"href":"https:\/\/linitiative.ca\/International\/wp-json\/wp\/v2\/comments?post=122667"}],"version-history":[{"count":0,"href":"https:\/\/linitiative.ca\/International\/wp-json\/wp\/v2\/posts\/122667\/revisions"}],"wp:attachment":[{"href":"https:\/\/linitiative.ca\/International\/wp-json\/wp\/v2\/media?parent=122667"}],"wp:term":[{"taxonomy":"category","embeddable":true,"href":"https:\/\/linitiative.ca\/International\/wp-json\/wp\/v2\/categories?post=122667"},{"taxonomy":"post_tag","embeddable":true,"href":"https:\/\/linitiative.ca\/International\/wp-json\/wp\/v2\/tags?post=122667"}],"curies":[{"name":"wp","href":"https:\/\/api.w.org\/{rel}","templated":true}]}}