{"id":122668,"date":"2021-07-29T08:00:39","date_gmt":"2021-07-29T12:00:39","guid":{"rendered":"https:\/\/linitiative.ca\/International\/une-femme-a-la-tete-de-la-faculte-de-medecine-de-laayoune\/"},"modified":"2021-07-29T08:00:39","modified_gmt":"2021-07-29T12:00:39","slug":"une-femme-a-la-tete-de-la-faculte-de-medecine-de-laayoune","status":"publish","type":"post","link":"https:\/\/linitiative.ca\/International\/une-femme-a-la-tete-de-la-faculte-de-medecine-de-laayoune\/","title":{"rendered":"Une femme \u00e0 la t\u00eate de la Facult\u00e9 de m\u00e9decine de La\u00e2youne"},"content":{"rendered":"<div>\n<p><img decoding=\"async\" width=\"300\" height=\"153\" src=\"https:\/\/linitiative.ca\/International\/wp-content\/uploads\/sites\/23\/2021\/07\/Fatima-Zahra-Hafdi-Alaoui-FaculteCC81-de-meCC81decine-de-LaaCC82youne-300x153-1.jpg\" class=\"attachment-medium size-medium wp-post-image\" alt=\"\" loading=\"lazy\" srcset=\"\/\/aujourdhui.ma\/wp-content\/uploads\/2021\/07\/Fatima-Zahra-Hafdi-Alaoui-Faculte\u0301-de-me\u0301decine-de-Laa\u0302youne-300x153.jpg 300w, \/\/aujourdhui.ma\/wp-content\/uploads\/2021\/07\/Fatima-Zahra-Hafdi-Alaoui-Faculte\u0301-de-me\u0301decine-de-Laa\u0302youne-274x140.jpg 274w, \/\/aujourdhui.ma\/wp-content\/uploads\/2021\/07\/Fatima-Zahra-Hafdi-Alaoui-Faculte\u0301-de-me\u0301decine-de-Laa\u0302youne.jpg 746w, \/\/aujourdhui.ma\/wp-content\/uploads\/2021\/07\/Fatima-Zahra-Hafdi-Alaoui-Faculte\u0301-de-me\u0301decine-de-Laa\u0302youne-165x84.jpg 165w, \/\/aujourdhui.ma\/wp-content\/uploads\/2021\/07\/Fatima-Zahra-Hafdi-Alaoui-Faculte\u0301-de-me\u0301decine-de-Laa\u0302youne-702x358.jpg 702w\" sizes=\"auto, (max-width: 300px) 100vw, 300px\"><\/p>\n<p><span style=\"font-size: 20px; color: #800000;\"><strong>Elle ouvrira ses portes en septembre prochain<\/strong> <\/span><span id=\"more-382840\"><\/span><\/p>\n<p><span style=\"color: #ff0000;\">100 \u00e9tudiants de La\u00e2youne, Tan-Tan, Sidi Ifni, Tarfaya, Guelmim, Aousserd, Oued Eddahab, Es-Semara, Boujdour et Assa-Zag ont d\u00e9j\u00e0 \u00e9t\u00e9 s\u00e9lectionn\u00e9s pour int\u00e9grer la Facult\u00e9 de m\u00e9decine de La\u00e2youne<\/span><\/p>\n<p>Fatima Zahra Hafdi Alaoui a \u00e9t\u00e9 nomm\u00e9e r\u00e9cemment doyenne de la Facult\u00e9 de m\u00e9decine et de pharmacie \u00e0 La\u00e2youne -Universit\u00e9 Ibn Zohr Agadir- qui accueillera ses premiers \u00e9tudiants en septembre prochain.<br \/>\nProfesseur en m\u00e9decine, sp\u00e9cialis\u00e9e dans les maladies auto-immunes, uv\u00e9ites, rhumatismes inflammatoires, bioth\u00e9rapies, Fatima Zahra Hafdi Alaoui accumule une importante exp\u00e9rience depuis trois d\u00e9cennies, et elle a occup\u00e9 plusieurs postes de responsabilit\u00e9 dont chef de d\u00e9partement 2013-2017, responsable DU nutrition \u00e0 l\u2019Universit\u00e9 Mohammed VI des Sciences de la Sant\u00e9, et responsable DU t\u00e9l\u00e9m\u00e9decine Universit\u00e9 Hassan II 2020-2021.<\/p>\n<p>En effet, 100 \u00e9tudiants de La\u00e2youne, Tan-Tan, Sidi Ifni, Tarfaya, Guelmim, Aousserd, Oued Eddahab, Es-Semara, Boujdour et Assa-Zag ont d\u00e9j\u00e0 \u00e9t\u00e9 s\u00e9lectionn\u00e9s pour int\u00e9grer la Facult\u00e9 de m\u00e9decine de La\u00e2youne qui ouvrira officiellement ses portes le mois de septembre prochain.<br \/>\nCet \u00e9tablissement universitaire, \u00e9rig\u00e9 sur une superficie de 10 ha, s\u2019inscrit dans le cadre de la strat\u00e9gie du Maroc de former 3.300 m\u00e9decins par an, pour doubler la densit\u00e9 m\u00e9dicale et passer de 6 \u00e0 10 m\u00e9decins pour 10.000 habitants. Il est dot\u00e9 notamment de centres de formation contenant un amphith\u00e9\u00e2tre de 400 places, trois salles de 50 places, deux salles de soutenance, deux salles de th\u00e8se, quatre salles de s\u00e9minaire et quatre salles de r\u00e9union.<\/p>\n<p>Il comprend \u00e9galement des d\u00e9partements d\u2019enseignement, qui regroupent deux salles de th\u00e8se, quatre salles de s\u00e9minaire et quatre salles de r\u00e9unions, ainsi que des laboratoires sp\u00e9cialis\u00e9s, des centres de recherche, quatre amphith\u00e9\u00e2tres de 300 places, 6 salles de cours de 60 places et dix salles de travaux dirig\u00e9s.<br \/>\nCette Facult\u00e9 est l\u2019un des chantiers embl\u00e9matiques du nouveau mod\u00e8le de d\u00e9veloppement des provinces du Sud, lanc\u00e9 en 2015 par SM le Roi Mohammed VI pour des investissements de plus de 77 milliards DH. L\u2019implantation de cette Facult\u00e9 \u00e0 La\u00e2youne vient pour renforcer l\u2019effectif des m\u00e9decins au niveau des provinces du Sud, \u00e9tant donn\u00e9 que la formation des m\u00e9decins au niveau de la r\u00e9gion renforcera la recherche scientifique, et r\u00e9pondra aux besoins croissants de la population en mati\u00e8re m\u00e9dicale. Elle contribuera aussi \u00e0 l\u2019att\u00e9nuation du d\u00e9ficit sanitaire ressenti au niveau des r\u00e9gions desservies.<\/p>\n<p>Pour rappel, les travaux avancent \u00e0 un rythme soutenu au niveau du Centre hospitalier universitaire en cours de construction dans la m\u00eame ville pour un co\u00fbt estim\u00e9 \u00e0 1,2 milliard de dirhams. Ce projet qui fait partie des projets inscrits dans le mod\u00e8le de d\u00e9veloppement des provinces du Sud du Royaume \u00e9vitera \u00e0 la population locale de se d\u00e9placer vers les r\u00e9gions du nord du Royaume pour se soigner.<br \/>\nL\u2019\u00e9tablissement de troisi\u00e8me niveau, qui sera dot\u00e9 d\u2019une capacit\u00e9 de 500 lits, sera un p\u00f4le m\u00e9dical qui servira la population des trois r\u00e9gions du sud du Royaume, \u00e0 savoir La\u00e2youne-Sakia El Hamra, Dakhla-Oued Eddahab et Guelmim-Oued Noun.<\/p>\n<\/div>\n<p>Auteur: Mohamed Laabid<br \/>\n<a href=\"https:\/\/aujourdhui.ma\/societe\/une-femme-a-la-tete-de-la-faculte-de-medecine-de-laayoune\">Cliquez ici pour lire l&rsquo;article depuis sa source.<\/a><\/p>\n","protected":false},"excerpt":{"rendered":"<p>Elle ouvrira ses portes en septembre prochain 100 \u00e9tudiants de La\u00e2youne, Tan-Tan, Sidi Ifni, Tarfaya, Guelmim, Aousserd, Oued Eddahab, Es-Semara, Boujdour et Assa-Zag ont d\u00e9j\u00e0 \u00e9t\u00e9 s\u00e9lectionn\u00e9s pour int\u00e9grer la Facult\u00e9 de m\u00e9decine de La\u00e2youne Fatima Zahra Hafdi Alaoui a \u00e9t\u00e9 nomm\u00e9e r\u00e9cemment doyenne de la Facult\u00e9 de m\u00e9decine et de pharmacie \u00e0 La\u00e2youne -Universit\u00e9 [&hellip;]<\/p>\n","protected":false},"author":1759,"featured_media":0,"comment_status":"closed","ping_status":"closed","sticky":false,"template":"","format":"standard","meta":{"fifu_image_url":"https:\/\/aujourdhui.ma\/wp-content\/uploads\/2021\/07\/Fatima-Zahra-Hafdi-Alaoui-Faculte\u0301-de-me\u0301decine-de-Laa\u0302youne-300x153.jpg","fifu_image_alt":"Une femme \u00e0 la t\u00eate de la Facult\u00e9 de m\u00e9decine de La\u00e2youne","footnotes":""},"categories":[73,54],"tags":[],"class_list":["post-122668","post","type-post","status-publish","format-standard","hentry","category-actualite","category-maroc"],"_links":{"self":[{"href":"https:\/\/linitiative.ca\/International\/wp-json\/wp\/v2\/posts\/122668","targetHints":{"allow":["GET"]}}],"collection":[{"href":"https:\/\/linitiative.ca\/International\/wp-json\/wp\/v2\/posts"}],"about":[{"href":"https:\/\/linitiative.ca\/International\/wp-json\/wp\/v2\/types\/post"}],"author":[{"embeddable":true,"href":"https:\/\/linitiative.ca\/International\/wp-json\/wp\/v2\/users\/1759"}],"replies":[{"embeddable":true,"href":"https:\/\/linitiative.ca\/International\/wp-json\/wp\/v2\/comments?post=122668"}],"version-history":[{"count":0,"href":"https:\/\/linitiative.ca\/International\/wp-json\/wp\/v2\/posts\/122668\/revisions"}],"wp:attachment":[{"href":"https:\/\/linitiative.ca\/International\/wp-json\/wp\/v2\/media?parent=122668"}],"wp:term":[{"taxonomy":"category","embeddable":true,"href":"https:\/\/linitiative.ca\/International\/wp-json\/wp\/v2\/categories?post=122668"},{"taxonomy":"post_tag","embeddable":true,"href":"https:\/\/linitiative.ca\/International\/wp-json\/wp\/v2\/tags?post=122668"}],"curies":[{"name":"wp","href":"https:\/\/api.w.org\/{rel}","templated":true}]}}