{"id":122670,"date":"2021-07-29T09:00:44","date_gmt":"2021-07-29T13:00:44","guid":{"rendered":"https:\/\/linitiative.ca\/International\/women-in-business-la-berd-et-le-cri-forment-les-femmes-entrepreneurs-de-souss-massa\/"},"modified":"2021-07-29T09:00:44","modified_gmt":"2021-07-29T13:00:44","slug":"women-in-business-la-berd-et-le-cri-forment-les-femmes-entrepreneurs-de-souss-massa","status":"publish","type":"post","link":"https:\/\/linitiative.ca\/International\/women-in-business-la-berd-et-le-cri-forment-les-femmes-entrepreneurs-de-souss-massa\/","title":{"rendered":"Women in Business : La BERD et le CRI forment les femmes entrepreneurs de Souss-Massa"},"content":{"rendered":"<div>\n<p><img decoding=\"async\" width=\"300\" height=\"153\" src=\"https:\/\/linitiative.ca\/International\/wp-content\/uploads\/sites\/23\/2021\/07\/CRI-Souss-Massa-300x153-1.jpg\" class=\"attachment-medium size-medium wp-post-image\" alt=\"\" loading=\"lazy\" srcset=\"\/\/aujourdhui.ma\/wp-content\/uploads\/2020\/11\/CRI-Souss-Massa-300x153.jpg 300w, \/\/aujourdhui.ma\/wp-content\/uploads\/2020\/11\/CRI-Souss-Massa-274x140.jpg 274w, \/\/aujourdhui.ma\/wp-content\/uploads\/2020\/11\/CRI-Souss-Massa.jpg 746w, \/\/aujourdhui.ma\/wp-content\/uploads\/2020\/11\/CRI-Souss-Massa-165x84.jpg 165w, \/\/aujourdhui.ma\/wp-content\/uploads\/2020\/11\/CRI-Souss-Massa-702x358.jpg 702w\" sizes=\"auto, (max-width: 300px) 100vw, 300px\"><\/p>\n<p><span style=\"font-size: 20px; color: #800000;\"><strong>La Banque europ\u00e9enne pour la reconstruction et le d\u00e9veloppement (BERD), en partenariat avec le Centre r\u00e9gional d\u2019investissement Souss-Massa, lance un atelier de formation d\u00e9di\u00e9 aux femmes entrepreneurs de la r\u00e9gion Souss-Massa sur les th\u00e8mes du marketing digital, du marketing de l\u2019innovation et de la communication de crise.<\/strong> <\/span><span id=\"more-382841\"><\/span><\/p>\n<p>Dans les d\u00e9tails, les participantes b\u00e9n\u00e9ficieront gratuitement des outils de vulgarisation et des outils digitaux mis \u00e0 disposition sur la plateforme BERD et du soutien d\u2019experts digitaux pour un conseil personnalis\u00e9 tout au long de la formation.<\/p>\n<p>Il s\u2019agit de cycles de formation durant lesquels les experts m\u00e9tiers de la BERD mettront leurs savoirs et leurs exp\u00e9riences \u00e0 la disposition des femmes entrepreneurs, notamment en ce qui concerne : l\u2019essentiel du marketing num\u00e9rique, l\u2019introduction au marketing en ligne, d\u00e9veloppement et optimisation de la pr\u00e9sence sur le Web, les m\u00e9dias sociaux et marketing, et e-mail marketing.<br \/>\nL\u2019atelier consistera en sept webinaires de 3 heures. Un certificat sera d\u00e9livr\u00e9 aux participantes ayant assist\u00e9 aux webinaires.<br \/>\nCette initiative s\u2019adresse aux femmes entrepreneurs, porteuses d\u2019id\u00e9es, associ\u00e9es et g\u00e9rantes d\u2019entreprises, auto-entrepreneures.<\/p>\n<p>Lanc\u00e9 en 2018 au niveau national, le programme Women in Business au Maroc b\u00e9n\u00e9ficie d\u2019une aide importante de l\u2019Union europ\u00e9enne (UE) dans le cadre de son initiative en faveur de l\u2019inclusion financi\u00e8re, qui offre des financements cruciaux pour l\u2019acc\u00e8s aux services de conseil et aux garanties des banques partenaires de la BERD.<br \/>\nDans sa phase initiale, le programme vise \u00e0 soutenir au moins 200 femmes entrepreneurs par le financement et les services de conseil. Un effort particulier sera consacr\u00e9 au soutien des entreprises bas\u00e9es en dehors des grands centres \u00e9conomiques marocains.<\/p>\n<p>Outre le financement, les femmes entrepreneurs recevront des conseils en gestion pour am\u00e9liorer la comp\u00e9titivit\u00e9, des formations, un mentorat et une aide \u00e0 la cr\u00e9ation de r\u00e9seaux, ainsi qu\u2019un acc\u00e8s au service d\u2019auto-diagnostic en ligne Business Lens, souligne la m\u00eame source, ajoutant que les formations et le mentorat permettent aux femmes entrepreneurs de partager leurs exp\u00e9riences et d\u2019\u00e9changer leurs connaissances. Ce programme associe des services de conseil et des lignes de cr\u00e9dit accord\u00e9es par l\u2019interm\u00e9diaire de banques partenaires locales, BMCE Bank of Africa et BMCI et repr\u00e9sentant au total 35 millions d\u2019euros, destin\u00e9s \u00e0 des investissements dans des projets stimulant la comp\u00e9titivit\u00e9 des entreprises. Le Maroc, membre fondateur de la BERD, est devenu un pays d\u2019op\u00e9rations en 2012. \u00c0 ce jour, la Banque a investi plus de 2 milliards d\u2019euros dans le pays, r\u00e9partis sur 60 projets.<\/p>\n<\/div>\n<p>Auteur: Mohamed Laabid<br \/>\n<a href=\"https:\/\/aujourdhui.ma\/economie\/women-in-business-la-berd-et-le-cri-forment-les-femmes-entrepreneurs-de-souss-massa\">Cliquez ici pour lire l&rsquo;article depuis sa source.<\/a><\/p>\n","protected":false},"excerpt":{"rendered":"<p>La Banque europ\u00e9enne pour la reconstruction et le d\u00e9veloppement (BERD), en partenariat avec le Centre r\u00e9gional d\u2019investissement Souss-Massa, lance un atelier de formation d\u00e9di\u00e9 aux femmes entrepreneurs de la r\u00e9gion Souss-Massa sur les th\u00e8mes du marketing digital, du marketing de l\u2019innovation et de la communication de crise. Dans les d\u00e9tails, les participantes b\u00e9n\u00e9ficieront gratuitement des [&hellip;]<\/p>\n","protected":false},"author":1759,"featured_media":0,"comment_status":"closed","ping_status":"closed","sticky":false,"template":"","format":"standard","meta":{"fifu_image_url":"https:\/\/aujourdhui.ma\/wp-content\/uploads\/2020\/11\/CRI-Souss-Massa-300x153.jpg","fifu_image_alt":"Women in Business : La BERD et le CRI forment les femmes entrepreneurs de Souss-Massa","footnotes":""},"categories":[73,54],"tags":[],"class_list":["post-122670","post","type-post","status-publish","format-standard","hentry","category-actualite","category-maroc"],"_links":{"self":[{"href":"https:\/\/linitiative.ca\/International\/wp-json\/wp\/v2\/posts\/122670","targetHints":{"allow":["GET"]}}],"collection":[{"href":"https:\/\/linitiative.ca\/International\/wp-json\/wp\/v2\/posts"}],"about":[{"href":"https:\/\/linitiative.ca\/International\/wp-json\/wp\/v2\/types\/post"}],"author":[{"embeddable":true,"href":"https:\/\/linitiative.ca\/International\/wp-json\/wp\/v2\/users\/1759"}],"replies":[{"embeddable":true,"href":"https:\/\/linitiative.ca\/International\/wp-json\/wp\/v2\/comments?post=122670"}],"version-history":[{"count":0,"href":"https:\/\/linitiative.ca\/International\/wp-json\/wp\/v2\/posts\/122670\/revisions"}],"wp:attachment":[{"href":"https:\/\/linitiative.ca\/International\/wp-json\/wp\/v2\/media?parent=122670"}],"wp:term":[{"taxonomy":"category","embeddable":true,"href":"https:\/\/linitiative.ca\/International\/wp-json\/wp\/v2\/categories?post=122670"},{"taxonomy":"post_tag","embeddable":true,"href":"https:\/\/linitiative.ca\/International\/wp-json\/wp\/v2\/tags?post=122670"}],"curies":[{"name":"wp","href":"https:\/\/api.w.org\/{rel}","templated":true}]}}