{"id":122684,"date":"2021-07-28T18:51:54","date_gmt":"2021-07-28T22:51:54","guid":{"rendered":"https:\/\/linitiative.ca\/International\/arrestation-en-grece-dun-marocain-affilie-a-daech\/"},"modified":"2021-07-28T18:51:54","modified_gmt":"2021-07-28T22:51:54","slug":"arrestation-en-grece-dun-marocain-affilie-a-daech","status":"publish","type":"post","link":"https:\/\/linitiative.ca\/International\/arrestation-en-grece-dun-marocain-affilie-a-daech\/","title":{"rendered":"Arrestation en Gr\u00e8ce d\u2019un Marocain affili\u00e9 \u00e0 Daech"},"content":{"rendered":"<div>\n<div style=\"margin-bottom:20px;\"><img loading=\"lazy\" decoding=\"async\" width=\"750\" height=\"430\" src=\"https:\/\/linitiative.ca\/International\/wp-content\/uploads\/sites\/23\/2021\/07\/arrestationvideo-1.jpg\" class=\"attachment-post-thumbnail size-post-thumbnail wp-post-image\" alt=\"\" srcset=\"https:\/\/linitiative.ca\/International\/wp-content\/uploads\/sites\/23\/2021\/07\/arrestationvideo-1.jpg 750w, http:\/\/www.mapmarrakech.ma\/map\/uploads\/2019\/01\/arrestationvideo-1-300x172.jpg 300w\" sizes=\"auto, (max-width: 750px) 100vw, 750px\"><\/div>\n<p>L\u2019arrestation du suspect est l\u2019aboutissement d\u2019op\u00e9rations de coordination conjointe et d\u2019\u00e9change de renseignements effectu\u00e9es dans le cadre de la coop\u00e9ration s\u00e9curitaire multilat\u00e9rale, \u00e0 laquelle ont efficacement contribu\u00e9 les services s\u00e9curitaires marocains et leurs homologues en Gr\u00e8ce, en Italie, en Angleterre et aux \u00c9tats-Unis, pr\u00e9cise-t-on de m\u00eame source.<\/p>\n<p>L\u2019op\u00e9ration de pointage dans la base de donn\u00e9es de l\u2019Organisation internationale de la police criminelle (Interpol) a r\u00e9v\u00e9l\u00e9 que le suspect faisait l\u2019objet d\u2019un mandat d\u2019arr\u00eat international \u00e9mis par les autorit\u00e9s judiciaires marocaines, pour son implication pr\u00e9sum\u00e9e dans la pr\u00e9paration de projets terroristes d\u2019envergure et d\u2019op\u00e9rations subversives au Maroc, \u00e0 l\u2019instigation de l\u2019ex porte-parole de l\u2019organisation terroriste de Daech.<\/p>\n<p>Le suspect, alias \u00ab\u00a0Abou Mohamed Al Fateh\u00a0\u00bb, avait rejoint les rangs de l\u2019organisation terroriste de Daech en Syrie en 2014, avant d\u2019assumer d\u2019importantes missions au sein des soi-disant \u00ab\u00a0brigade sp\u00e9ciale\u00a0\u00bb, dans la r\u00e9gion de Deir ez-Zor, et de \u00ab\u00a0police religieuse\u00a0\u00bb ou \u00ab\u00a0Hisba\u00a0\u00bb, dans le gouvernorat de Racca, explique la m\u00eame source, ajoutant que le pr\u00e9venu \u00e9tait apparu dans une vid\u00e9o montrant une op\u00e9ration ayant cibl\u00e9 un combattant syrien \u00e0 l\u2019aide d\u2019une arme de guerre, en flagrant d\u00e9lit de mutilation de son cadavre et en jurant de combattre ceux qu\u2019il appelait les \u00ab\u00a0ennemis de la religion\u00a0\u00bb.<\/p>\n<p>Selon les informations disponibles, le suspect a pu s\u2019\u00e9vader des zones de guerre sous contr\u00f4le de Daech en Syrie pour rejoindre l\u2019Europe, la Gr\u00e8ce plus pr\u00e9cis\u00e9ment et ce, en utilisant de faux documents et une fausse identit\u00e9, avant d\u2019\u00eatre identifi\u00e9, localis\u00e9 et interpell\u00e9 dans le cadre d\u2019une op\u00e9ration s\u00e9curitaire conjointe.<\/p>\n<p>Les autorit\u00e9s judiciaires marocaines ont \u00e9t\u00e9 inform\u00e9es de cette arrestation et la coordination avec les autorit\u00e9s comp\u00e9tentes en Gr\u00e8ce est en cours, \u00e0 travers le Bureau d\u2019Interpol \u00e0 Rabat, relevant de la Direction g\u00e9n\u00e9rale de la s\u00fbret\u00e9 nationale (DGSN), pour l\u2019envoi d\u2019une demande officielle d\u2019extradition.<\/p>\n<p>Cette op\u00e9ration s\u00e9curitaire r\u00e9ussie, \u00e0 laquelle ont contribu\u00e9 les services s\u00e9curitaires marocains de mani\u00e8re agissante et efficace, refl\u00e8te l\u2019importance de la coop\u00e9ration s\u00e9curitaire internationale en mati\u00e8re de lutte contre les dangers terroristes et de la poursuite des membres des organisations terroristes pour les priver de tout refuge ou base arri\u00e8re.<\/p>\n<p>Elle concr\u00e9tise \u00e9galement l\u2019adh\u00e9sion s\u00e9rieuse et agissante du Royaume du Maroc \u00e0 la pr\u00e9servation de la s\u00e9curit\u00e9 et la stabilit\u00e9 aux niveaux r\u00e9gional et international.<\/p>\n<p>The post <a rel=\"nofollow\" href=\"http:\/\/www.mapmarrakech.ma\/fr\/arrestation-en-grece-dun-marocain-affilie-a-daech\/\">Arrestation en Gr\u00e8ce d\u2019un Marocain affili\u00e9 \u00e0 Daech<\/a> appeared first on <a rel=\"nofollow\" href=\"http:\/\/www.mapmarrakech.ma\/fr\">MapMarrakech<\/a>.<\/p>\n<\/div>\n<p>Auteur: Meriem IGASS<br \/>\n<a href=\"http:\/\/www.mapmarrakech.ma\/fr\/arrestation-en-grece-dun-marocain-affilie-a-daech\/\">Cliquez ici pour lire l&rsquo;article depuis sa source.<\/a><\/p>\n","protected":false},"excerpt":{"rendered":"<p>L\u2019arrestation du suspect est l\u2019aboutissement d\u2019op\u00e9rations de coordination conjointe et d\u2019\u00e9change de renseignements effectu\u00e9es dans le cadre de la coop\u00e9ration s\u00e9curitaire multilat\u00e9rale, \u00e0 laquelle ont efficacement contribu\u00e9 les services s\u00e9curitaires marocains et leurs homologues en Gr\u00e8ce, en Italie, en Angleterre et aux \u00c9tats-Unis, pr\u00e9cise-t-on de m\u00eame source. L\u2019op\u00e9ration de pointage dans la base de donn\u00e9es [&hellip;]<\/p>\n","protected":false},"author":1788,"featured_media":0,"comment_status":"closed","ping_status":"closed","sticky":false,"template":"","format":"standard","meta":{"fifu_image_url":"http:\/\/www.mapmarrakech.ma\/map\/uploads\/2019\/01\/arrestationvideo-1.jpg","fifu_image_alt":"Arrestation en Gr\u00e8ce d\u2019un Marocain affili\u00e9 \u00e0 Daech","footnotes":""},"categories":[54,76],"tags":[],"class_list":["post-122684","post","type-post","status-publish","format-standard","hentry","category-maroc","category-regions"],"_links":{"self":[{"href":"https:\/\/linitiative.ca\/International\/wp-json\/wp\/v2\/posts\/122684","targetHints":{"allow":["GET"]}}],"collection":[{"href":"https:\/\/linitiative.ca\/International\/wp-json\/wp\/v2\/posts"}],"about":[{"href":"https:\/\/linitiative.ca\/International\/wp-json\/wp\/v2\/types\/post"}],"author":[{"embeddable":true,"href":"https:\/\/linitiative.ca\/International\/wp-json\/wp\/v2\/users\/1788"}],"replies":[{"embeddable":true,"href":"https:\/\/linitiative.ca\/International\/wp-json\/wp\/v2\/comments?post=122684"}],"version-history":[{"count":0,"href":"https:\/\/linitiative.ca\/International\/wp-json\/wp\/v2\/posts\/122684\/revisions"}],"wp:attachment":[{"href":"https:\/\/linitiative.ca\/International\/wp-json\/wp\/v2\/media?parent=122684"}],"wp:term":[{"taxonomy":"category","embeddable":true,"href":"https:\/\/linitiative.ca\/International\/wp-json\/wp\/v2\/categories?post=122684"},{"taxonomy":"post_tag","embeddable":true,"href":"https:\/\/linitiative.ca\/International\/wp-json\/wp\/v2\/tags?post=122684"}],"curies":[{"name":"wp","href":"https:\/\/api.w.org\/{rel}","templated":true}]}}