{"id":122690,"date":"2021-07-29T14:07:31","date_gmt":"2021-07-29T18:07:31","guid":{"rendered":"https:\/\/linitiative.ca\/International\/fete-du-trone-sm-le-roi-adresse-samedi-un-discours-a-la-nation\/"},"modified":"2021-07-29T14:07:31","modified_gmt":"2021-07-29T18:07:31","slug":"fete-du-trone-sm-le-roi-adresse-samedi-un-discours-a-la-nation","status":"publish","type":"post","link":"https:\/\/linitiative.ca\/International\/fete-du-trone-sm-le-roi-adresse-samedi-un-discours-a-la-nation\/","title":{"rendered":"F\u00eate du Tr\u00f4ne: SM le Roi adresse samedi un discours \u00e0 la Nation"},"content":{"rendered":"<div>\n<div style=\"margin-bottom:20px;\"><img loading=\"lazy\" decoding=\"async\" width=\"750\" height=\"430\" src=\"https:\/\/linitiative.ca\/International\/wp-content\/uploads\/sites\/23\/2021\/07\/sm.jpg\" class=\"attachment-post-thumbnail size-post-thumbnail wp-post-image\" alt=\"\" srcset=\"https:\/\/linitiative.ca\/International\/wp-content\/uploads\/sites\/23\/2021\/07\/sm.jpg 750w, http:\/\/www.mapmarrakech.ma\/map\/uploads\/2021\/07\/sm-300x172.jpg 300w\" sizes=\"auto, (max-width: 750px) 100vw, 750px\"><\/div>\n<p>Voici la traduction du communiqu\u00e9 :<\/p>\n<p>\u00ab\u00a0Le Minist\u00e8re de la Maison Royale, du Protocole et de la Chancellerie annonce qu\u2019\u00e0 l\u2019occasion de la c\u00e9l\u00e9bration du 22\u00e8me anniversaire de l\u2019accession de Sa Majest\u00e9 le Roi Mohammed VI, que Dieu L\u2019assiste et Le pr\u00e9serve, au Tr\u00f4ne de Ses glorieux anc\u00eatres, Sa Majest\u00e9 le Roi adressera un discours \u00e0 Son peuple fid\u00e8le.<\/p>\n<p>Le Discours Royal sera retransmis sur les ondes de la radio et \u00e0 la t\u00e9l\u00e9vision samedi 31 juillet 2021 \u00e0 21H00\u00a0\u00bb.<\/p>\n<p>The post <a rel=\"nofollow\" href=\"http:\/\/www.mapmarrakech.ma\/fr\/fete-du-trone-sm-le-roi-adresse-samedi-un-discours-a-la-nation\/\">F\u00eate du Tr\u00f4ne: SM le Roi adresse samedi un discours \u00e0 la Nation<\/a> appeared first on <a rel=\"nofollow\" href=\"http:\/\/www.mapmarrakech.ma\/fr\">MapMarrakech<\/a>.<\/p>\n<\/div>\n<p>Auteur: Meriem IGASS<br \/>\n<a href=\"http:\/\/www.mapmarrakech.ma\/fr\/fete-du-trone-sm-le-roi-adresse-samedi-un-discours-a-la-nation\/\">Cliquez ici pour lire l&rsquo;article depuis sa source.<\/a><\/p>\n","protected":false},"excerpt":{"rendered":"<p>Voici la traduction du communiqu\u00e9 : \u00ab\u00a0Le Minist\u00e8re de la Maison Royale, du Protocole et de la Chancellerie annonce qu\u2019\u00e0 l\u2019occasion de la c\u00e9l\u00e9bration du 22\u00e8me anniversaire de l\u2019accession de Sa Majest\u00e9 le Roi Mohammed VI, que Dieu L\u2019assiste et Le pr\u00e9serve, au Tr\u00f4ne de Ses glorieux anc\u00eatres, Sa Majest\u00e9 le Roi adressera un discours [&hellip;]<\/p>\n","protected":false},"author":1788,"featured_media":0,"comment_status":"closed","ping_status":"closed","sticky":false,"template":"","format":"standard","meta":{"fifu_image_url":"http:\/\/www.mapmarrakech.ma\/map\/uploads\/2021\/07\/sm.jpg","fifu_image_alt":"F\u00eate du Tr\u00f4ne: SM le Roi adresse samedi un discours \u00e0 la Nation","footnotes":""},"categories":[54,76],"tags":[],"class_list":["post-122690","post","type-post","status-publish","format-standard","hentry","category-maroc","category-regions"],"_links":{"self":[{"href":"https:\/\/linitiative.ca\/International\/wp-json\/wp\/v2\/posts\/122690","targetHints":{"allow":["GET"]}}],"collection":[{"href":"https:\/\/linitiative.ca\/International\/wp-json\/wp\/v2\/posts"}],"about":[{"href":"https:\/\/linitiative.ca\/International\/wp-json\/wp\/v2\/types\/post"}],"author":[{"embeddable":true,"href":"https:\/\/linitiative.ca\/International\/wp-json\/wp\/v2\/users\/1788"}],"replies":[{"embeddable":true,"href":"https:\/\/linitiative.ca\/International\/wp-json\/wp\/v2\/comments?post=122690"}],"version-history":[{"count":0,"href":"https:\/\/linitiative.ca\/International\/wp-json\/wp\/v2\/posts\/122690\/revisions"}],"wp:attachment":[{"href":"https:\/\/linitiative.ca\/International\/wp-json\/wp\/v2\/media?parent=122690"}],"wp:term":[{"taxonomy":"category","embeddable":true,"href":"https:\/\/linitiative.ca\/International\/wp-json\/wp\/v2\/categories?post=122690"},{"taxonomy":"post_tag","embeddable":true,"href":"https:\/\/linitiative.ca\/International\/wp-json\/wp\/v2\/tags?post=122690"}],"curies":[{"name":"wp","href":"https:\/\/api.w.org\/{rel}","templated":true}]}}