{"id":122692,"date":"2021-07-29T06:31:57","date_gmt":"2021-07-29T10:31:57","guid":{"rendered":"https:\/\/linitiative.ca\/International\/previsions-meteorologiques-pour-la-journee-du-jeudi-29-juillet-2021\/"},"modified":"2021-07-29T06:31:57","modified_gmt":"2021-07-29T10:31:57","slug":"previsions-meteorologiques-pour-la-journee-du-jeudi-29-juillet-2021","status":"publish","type":"post","link":"https:\/\/linitiative.ca\/International\/previsions-meteorologiques-pour-la-journee-du-jeudi-29-juillet-2021\/","title":{"rendered":"Pr\u00e9visions m\u00e9t\u00e9orologiques pour la journ\u00e9e du jeudi 29 juillet 2021"},"content":{"rendered":"<div>\n<div style=\"margin-bottom:20px;\"><img loading=\"lazy\" decoding=\"async\" width=\"750\" height=\"430\" src=\"https:\/\/linitiative.ca\/International\/wp-content\/uploads\/sites\/23\/2021\/07\/soleil_mC3A9tC3A9o-1.jpg\" class=\"attachment-post-thumbnail size-post-thumbnail wp-post-image\" alt=\"\" srcset=\"https:\/\/linitiative.ca\/International\/wp-content\/uploads\/sites\/23\/2021\/07\/soleil_mC3A9tC3A9o-1.jpg 750w, http:\/\/www.mapoujda.ma\/map\/uploads\/2021\/07\/soleil_m\u00e9t\u00e9o-1-300x172.jpg 300w\" sizes=\"auto, (max-width: 750px) 100vw, 750px\"><\/div>\n<p>Voici les pr\u00e9visions m\u00e9t\u00e9orologiques pour la journ\u00e9e du jeudi 29 juillet 2021, \u00e9tablies par la Direction g\u00e9n\u00e9rale de la m\u00e9t\u00e9orologie:<\/p>\n<p>\u2013 Hausse des temp\u00e9ratures avec un temps chaud sur l\u2019int\u00e9rieur du Souss, le Sud-Est, l\u2019Est des provinces du Sud, l\u2019Oriental et les plaines int\u00e9rieures.<\/p>\n<p>\u2013 Nuages bas denses sur la M\u00e9diterran\u00e9e et les c\u00f4tes atlantiques avec bruine locale.<\/p>\n<p>\u2013 Nuages l\u00e9g\u00e8rement instables sur les reliefs de l\u2019Atlas, leurs plaines voisines et l\u2019Oriental, avec ond\u00e9es \u00e9parses et orages par endroits l\u2019apr\u00e8s-midi et la nuit.<\/p>\n<p>\u2013 Ciel peu \u00e0 passag\u00e8rement nuageux ailleurs.<\/p>\n<p>\u2013 Chasse-sables par endroits sur le Sud-Est et l\u2019int\u00e9rieur des provinces du Sud.<\/p>\n<p>\u2013 Vent mod\u00e9r\u00e9 \u00e0 assez fort de secteur nord sur les provinces du Sud et les plaines centre, de secteur sud sur le Sud-Est et faible \u00e0 mod\u00e9r\u00e9 de nord \u00e0 variable ailleurs.<\/p>\n<p>\u2013 Temp\u00e9ratures minimales de l\u2019ordre de 26\/32\u00b0C sur le Sud-Est et l\u2019extr\u00eame sud des provinces du Sud, 23\/28\u00b0C sur les plaines \u00e0 l\u2019ouest de l\u2019Atlas, l\u2019int\u00e9rieure de Souss, le Saiss et l\u2019Oriental et de 17\/23\u00b0C ailleurs.<\/p>\n<p>\u2013 Temp\u00e9ratures maximales de l\u2019ordre de 41\/46\u00b0C sur le Sud-Est et l\u2019est des provinces du Sud, 39\/44\u00b0C sur l\u2019int\u00e9rieur du Souss, les plaines \u00e0 l\u2019ouest de l\u2019Atlas, le Saiss, les plateaux de phosphates, Oulm\u00e8s et l\u2019Oriental, 30\/37\u00b0C sur les plaines atlantiques, la M\u00e9diterran\u00e9e, les reliefs de l\u2019Atlas et l\u2019ouest des provinces du Sud et de 25\/32\u00b0C pr\u00e8s des c\u00f4tes.<\/p>\n<p>\u2013 Mer belle \u00e0 peu agit\u00e9e sur la M\u00e9diterran\u00e9e et le D\u00e9troit, temporairement peu agit\u00e9e \u00e0 agit\u00e9e jeudi matin sur l\u2019Ouest du D\u00e9troit. Peu agit\u00e9e \u00e0 agit\u00e9e sur les c\u00f4tes atlantiques nord et sud et agit\u00e9e \u00e0 forte sur les c\u00f4tes centre.<\/p>\n<p>L\u2019article <a rel=\"nofollow\" href=\"http:\/\/www.mapoujda.ma\/fr\/previsions-meteorologiques-pour-la-journee-du-jeudi-29-juillet-2021\/\">Pr\u00e9visions m\u00e9t\u00e9orologiques pour la journ\u00e9e du jeudi 29 juillet 2021<\/a> est apparu en premier sur <a rel=\"nofollow\" href=\"http:\/\/www.mapoujda.ma\/fr\">MapOujda<\/a>.<\/p>\n<\/div>\n<p>Auteur: Ismail Bahhane<br \/>\n<a href=\"http:\/\/www.mapoujda.ma\/fr\/previsions-meteorologiques-pour-la-journee-du-jeudi-29-juillet-2021\/\">Cliquez ici pour lire l&rsquo;article depuis sa source.<\/a><\/p>\n","protected":false},"excerpt":{"rendered":"<p>Voici les pr\u00e9visions m\u00e9t\u00e9orologiques pour la journ\u00e9e du jeudi 29 juillet 2021, \u00e9tablies par la Direction g\u00e9n\u00e9rale de la m\u00e9t\u00e9orologie: \u2013 Hausse des temp\u00e9ratures avec un temps chaud sur l\u2019int\u00e9rieur du Souss, le Sud-Est, l\u2019Est des provinces du Sud, l\u2019Oriental et les plaines int\u00e9rieures. \u2013 Nuages bas denses sur la M\u00e9diterran\u00e9e et les c\u00f4tes atlantiques [&hellip;]<\/p>\n","protected":false},"author":1788,"featured_media":0,"comment_status":"closed","ping_status":"closed","sticky":false,"template":"","format":"standard","meta":{"fifu_image_url":"http:\/\/www.mapoujda.ma\/map\/uploads\/2021\/07\/soleil_m\u00e9t\u00e9o-1.jpg","fifu_image_alt":"Pr\u00e9visions m\u00e9t\u00e9orologiques pour la journ\u00e9e du jeudi 29 juillet 2021","footnotes":""},"categories":[54,76],"tags":[],"class_list":["post-122692","post","type-post","status-publish","format-standard","hentry","category-maroc","category-regions"],"_links":{"self":[{"href":"https:\/\/linitiative.ca\/International\/wp-json\/wp\/v2\/posts\/122692","targetHints":{"allow":["GET"]}}],"collection":[{"href":"https:\/\/linitiative.ca\/International\/wp-json\/wp\/v2\/posts"}],"about":[{"href":"https:\/\/linitiative.ca\/International\/wp-json\/wp\/v2\/types\/post"}],"author":[{"embeddable":true,"href":"https:\/\/linitiative.ca\/International\/wp-json\/wp\/v2\/users\/1788"}],"replies":[{"embeddable":true,"href":"https:\/\/linitiative.ca\/International\/wp-json\/wp\/v2\/comments?post=122692"}],"version-history":[{"count":0,"href":"https:\/\/linitiative.ca\/International\/wp-json\/wp\/v2\/posts\/122692\/revisions"}],"wp:attachment":[{"href":"https:\/\/linitiative.ca\/International\/wp-json\/wp\/v2\/media?parent=122692"}],"wp:term":[{"taxonomy":"category","embeddable":true,"href":"https:\/\/linitiative.ca\/International\/wp-json\/wp\/v2\/categories?post=122692"},{"taxonomy":"post_tag","embeddable":true,"href":"https:\/\/linitiative.ca\/International\/wp-json\/wp\/v2\/tags?post=122692"}],"curies":[{"name":"wp","href":"https:\/\/api.w.org\/{rel}","templated":true}]}}