{"id":122696,"date":"2021-07-29T09:48:15","date_gmt":"2021-07-29T13:48:15","guid":{"rendered":"https:\/\/linitiative.ca\/International\/samia-terhzaz-dg-delegue-de-la-cgem\/"},"modified":"2021-07-29T09:48:15","modified_gmt":"2021-07-29T13:48:15","slug":"samia-terhzaz-dg-delegue-de-la-cgem","status":"publish","type":"post","link":"https:\/\/linitiative.ca\/International\/samia-terhzaz-dg-delegue-de-la-cgem\/","title":{"rendered":"Samia Terhzaz, DG D\u00e9l\u00e9gu\u00e9 de la CGEM"},"content":{"rendered":"<div>\n<div class=\"field field-name-body field-type-text-with-summary field-label-hidden\">\n<div class=\"field-items\">\n<div class=\"field-item even\" property=\"content:encoded\">\n<p class=\"rtejustify\">Le Conseil d&rsquo;Administration de la Conf\u00e9d\u00e9ration G\u00e9n\u00e9rale des Entreprises du Maroc (CGEM) a approuv\u00e9 mercredi la nomination de Samia Terhzaz aux fonctions de Directeur G\u00e9n\u00e9ral D\u00e9l\u00e9gu\u00e9 de la Conf\u00e9d\u00e9ration, qu&rsquo;elle a rejoint, en juin 2020, en tant que Secr\u00e9taire G\u00e9n\u00e9rale.<\/p>\n<\/div>\n<\/div>\n<\/div>\n<\/div>\n<p>Auteur: mbasraoui<br \/>\n<a href=\"https:\/\/www.leconomiste.com\/flash-infos\/samia-terhzaz-dg-delegue-de-la-cgem\">Cliquez ici pour lire l&rsquo;article depuis sa source.<\/a><\/p>\n","protected":false},"excerpt":{"rendered":"<p>Le Conseil d&rsquo;Administration de la Conf\u00e9d\u00e9ration G\u00e9n\u00e9rale des Entreprises du Maroc (CGEM) a approuv\u00e9 mercredi la nomination de Samia Terhzaz aux fonctions de Directeur G\u00e9n\u00e9ral D\u00e9l\u00e9gu\u00e9 de la Conf\u00e9d\u00e9ration, qu&rsquo;elle a rejoint, en juin 2020, en tant que Secr\u00e9taire G\u00e9n\u00e9rale. Auteur: mbasraoui Cliquez ici pour lire l&rsquo;article depuis sa source.<\/p>\n","protected":false},"author":1763,"featured_media":0,"comment_status":"closed","ping_status":"closed","sticky":false,"template":"","format":"standard","meta":{"fifu_image_url":"","fifu_image_alt":"","footnotes":""},"categories":[78,54],"tags":[],"class_list":["post-122696","post","type-post","status-publish","format-standard","hentry","category-economie","category-maroc"],"_links":{"self":[{"href":"https:\/\/linitiative.ca\/International\/wp-json\/wp\/v2\/posts\/122696","targetHints":{"allow":["GET"]}}],"collection":[{"href":"https:\/\/linitiative.ca\/International\/wp-json\/wp\/v2\/posts"}],"about":[{"href":"https:\/\/linitiative.ca\/International\/wp-json\/wp\/v2\/types\/post"}],"author":[{"embeddable":true,"href":"https:\/\/linitiative.ca\/International\/wp-json\/wp\/v2\/users\/1763"}],"replies":[{"embeddable":true,"href":"https:\/\/linitiative.ca\/International\/wp-json\/wp\/v2\/comments?post=122696"}],"version-history":[{"count":0,"href":"https:\/\/linitiative.ca\/International\/wp-json\/wp\/v2\/posts\/122696\/revisions"}],"wp:attachment":[{"href":"https:\/\/linitiative.ca\/International\/wp-json\/wp\/v2\/media?parent=122696"}],"wp:term":[{"taxonomy":"category","embeddable":true,"href":"https:\/\/linitiative.ca\/International\/wp-json\/wp\/v2\/categories?post=122696"},{"taxonomy":"post_tag","embeddable":true,"href":"https:\/\/linitiative.ca\/International\/wp-json\/wp\/v2\/tags?post=122696"}],"curies":[{"name":"wp","href":"https:\/\/api.w.org\/{rel}","templated":true}]}}