{"id":122697,"date":"2021-07-29T09:50:21","date_gmt":"2021-07-29T13:50:21","guid":{"rendered":"https:\/\/linitiative.ca\/International\/digital-ladd-sassocie-au-club-des-dirigeants-du-maroc\/"},"modified":"2021-07-29T09:50:21","modified_gmt":"2021-07-29T13:50:21","slug":"digital-ladd-sassocie-au-club-des-dirigeants-du-maroc","status":"publish","type":"post","link":"https:\/\/linitiative.ca\/International\/digital-ladd-sassocie-au-club-des-dirigeants-du-maroc\/","title":{"rendered":"Digital: L\u2019ADD s\u2019associe au Club des dirigeants du Maroc"},"content":{"rendered":"<div>\n<div class=\"field field-name-body field-type-text-with-summary field-label-hidden\">\n<div class=\"field-items\">\n<div class=\"field-item even\" property=\"content:encoded\">\n<p class=\"rtejustify\">L&rsquo;Agence de D\u00e9veloppement du Digital (ADD) et le Club des Dirigeants du Maroc (CDD) se joignent dans le domaine du digital. Les deux parties ont conclu une convention-cadre de partenariat, visant \u00e0 d\u00e9finir les conditions et modalit\u00e9s de partenariat dans ce domaine.<\/p>\n<\/div>\n<\/div>\n<\/div>\n<\/div>\n<p>Auteur: mbasraoui<br \/>\n<a href=\"https:\/\/www.leconomiste.com\/flash-infos\/digital-l-add-s-associe-au-club-des-dirigeants-du-maroc\">Cliquez ici pour lire l&rsquo;article depuis sa source.<\/a><\/p>\n","protected":false},"excerpt":{"rendered":"<p>L&rsquo;Agence de D\u00e9veloppement du Digital (ADD) et le Club des Dirigeants du Maroc (CDD) se joignent dans le domaine du digital. Les deux parties ont conclu une convention-cadre de partenariat, visant \u00e0 d\u00e9finir les conditions et modalit\u00e9s de partenariat dans ce domaine. Auteur: mbasraoui Cliquez ici pour lire l&rsquo;article depuis sa source.<\/p>\n","protected":false},"author":1763,"featured_media":0,"comment_status":"closed","ping_status":"closed","sticky":false,"template":"","format":"standard","meta":{"fifu_image_url":"","fifu_image_alt":"","footnotes":""},"categories":[78,54],"tags":[],"class_list":["post-122697","post","type-post","status-publish","format-standard","hentry","category-economie","category-maroc"],"_links":{"self":[{"href":"https:\/\/linitiative.ca\/International\/wp-json\/wp\/v2\/posts\/122697","targetHints":{"allow":["GET"]}}],"collection":[{"href":"https:\/\/linitiative.ca\/International\/wp-json\/wp\/v2\/posts"}],"about":[{"href":"https:\/\/linitiative.ca\/International\/wp-json\/wp\/v2\/types\/post"}],"author":[{"embeddable":true,"href":"https:\/\/linitiative.ca\/International\/wp-json\/wp\/v2\/users\/1763"}],"replies":[{"embeddable":true,"href":"https:\/\/linitiative.ca\/International\/wp-json\/wp\/v2\/comments?post=122697"}],"version-history":[{"count":0,"href":"https:\/\/linitiative.ca\/International\/wp-json\/wp\/v2\/posts\/122697\/revisions"}],"wp:attachment":[{"href":"https:\/\/linitiative.ca\/International\/wp-json\/wp\/v2\/media?parent=122697"}],"wp:term":[{"taxonomy":"category","embeddable":true,"href":"https:\/\/linitiative.ca\/International\/wp-json\/wp\/v2\/categories?post=122697"},{"taxonomy":"post_tag","embeddable":true,"href":"https:\/\/linitiative.ca\/International\/wp-json\/wp\/v2\/tags?post=122697"}],"curies":[{"name":"wp","href":"https:\/\/api.w.org\/{rel}","templated":true}]}}