{"id":122699,"date":"2021-07-29T10:34:02","date_gmt":"2021-07-29T14:34:02","guid":{"rendered":"https:\/\/linitiative.ca\/International\/maroc-telecom-agr-maintient-ses-previsions-de-croissance\/"},"modified":"2021-07-29T10:34:02","modified_gmt":"2021-07-29T14:34:02","slug":"maroc-telecom-agr-maintient-ses-previsions-de-croissance","status":"publish","type":"post","link":"https:\/\/linitiative.ca\/International\/maroc-telecom-agr-maintient-ses-previsions-de-croissance\/","title":{"rendered":"Maroc Telecom: AGR maintient ses pr\u00e9visions de croissance"},"content":{"rendered":"<div>\n<div class=\"field field-name-body field-type-text-with-summary field-label-hidden\">\n<div class=\"field-items\">\n<div class=\"field-item even\" property=\"content:encoded\">\n<p class=\"rtejustify\">Attijari Global Research (AGR) reste toujours optimiste pour Maroc Telecom. L\u2019analyste a maintenu, dans son \u00ab\u00a0research paper \u2013 equity\u00a0\u00bb publi\u00e9 mercredi, ses perspectives de croissance positives du premier op\u00e9rateur t\u00e9l\u00e9com sur le moyen terme, m\u00eame si ce dernier affiche un chiffre d\u2019affaires et un b\u00e9n\u00e9fice en baisse au premier semestre. \u00ab\u00a0Sans grande surprise, les r\u00e9alisations semestrielles de Maroc Telecom ressortent en baisse par rapport \u00e0 2020.<\/p>\n<\/div>\n<\/div>\n<\/div>\n<\/div>\n<p>Auteur: mbasraoui<br \/>\n<a href=\"https:\/\/www.leconomiste.com\/flash-infos\/maroc-telecom-agr-maintient-ses-previsions-de-croissance\">Cliquez ici pour lire l&rsquo;article depuis sa source.<\/a><\/p>\n","protected":false},"excerpt":{"rendered":"<p>Attijari Global Research (AGR) reste toujours optimiste pour Maroc Telecom. L\u2019analyste a maintenu, dans son \u00ab\u00a0research paper \u2013 equity\u00a0\u00bb publi\u00e9 mercredi, ses perspectives de croissance positives du premier op\u00e9rateur t\u00e9l\u00e9com sur le moyen terme, m\u00eame si ce dernier affiche un chiffre d\u2019affaires et un b\u00e9n\u00e9fice en baisse au premier semestre. \u00ab\u00a0Sans grande surprise, les r\u00e9alisations [&hellip;]<\/p>\n","protected":false},"author":1763,"featured_media":0,"comment_status":"closed","ping_status":"closed","sticky":false,"template":"","format":"standard","meta":{"fifu_image_url":"","fifu_image_alt":"","footnotes":""},"categories":[78,54],"tags":[],"class_list":["post-122699","post","type-post","status-publish","format-standard","hentry","category-economie","category-maroc"],"_links":{"self":[{"href":"https:\/\/linitiative.ca\/International\/wp-json\/wp\/v2\/posts\/122699","targetHints":{"allow":["GET"]}}],"collection":[{"href":"https:\/\/linitiative.ca\/International\/wp-json\/wp\/v2\/posts"}],"about":[{"href":"https:\/\/linitiative.ca\/International\/wp-json\/wp\/v2\/types\/post"}],"author":[{"embeddable":true,"href":"https:\/\/linitiative.ca\/International\/wp-json\/wp\/v2\/users\/1763"}],"replies":[{"embeddable":true,"href":"https:\/\/linitiative.ca\/International\/wp-json\/wp\/v2\/comments?post=122699"}],"version-history":[{"count":0,"href":"https:\/\/linitiative.ca\/International\/wp-json\/wp\/v2\/posts\/122699\/revisions"}],"wp:attachment":[{"href":"https:\/\/linitiative.ca\/International\/wp-json\/wp\/v2\/media?parent=122699"}],"wp:term":[{"taxonomy":"category","embeddable":true,"href":"https:\/\/linitiative.ca\/International\/wp-json\/wp\/v2\/categories?post=122699"},{"taxonomy":"post_tag","embeddable":true,"href":"https:\/\/linitiative.ca\/International\/wp-json\/wp\/v2\/tags?post=122699"}],"curies":[{"name":"wp","href":"https:\/\/api.w.org\/{rel}","templated":true}]}}