{"id":122702,"date":"2021-07-29T09:57:00","date_gmt":"2021-07-29T13:57:00","guid":{"rendered":"https:\/\/linitiative.ca\/International\/competitions-africaines-interclubs-les-representants-algeriens-connus-le-10-aout\/"},"modified":"2021-07-29T09:57:00","modified_gmt":"2021-07-29T13:57:00","slug":"competitions-africaines-interclubs-les-representants-algeriens-connus-le-10-aout","status":"publish","type":"post","link":"https:\/\/linitiative.ca\/International\/competitions-africaines-interclubs-les-representants-algeriens-connus-le-10-aout\/","title":{"rendered":"Comp\u00e9titions africaines interclubs: les repr\u00e9sentants alg\u00e9riens connus le 10 ao\u00fbt"},"content":{"rendered":"<div>Les deux premiers au classement prendront part \u00e0 la Ligue des champions, alors que le troisi\u00e8me et le d\u00e9tenteur de la Coupe de la Ligue participeront \u00e0 la Coupe de la Conf\u00e9d\u00e9ration&#8230;<img loading=\"lazy\" decoding=\"async\" src=\"http:\/\/feeds.feedburner.com\/~r\/GalerieFArtciles\/~4\/oNjv7CIyJ7k\" height=\"1\" width=\"1\" alt=\"\"><\/div>\n<p>Auteur:<br \/>\n<a href=\"http:\/\/www.lebuteur.com\/article\/detail?titre=competitions-africaines-interclubs-les-representants-algeriens-connus-le-10-aout&#038;id=100725&#038;utm_source=feedburner&#038;utm_medium=feed&#038;utm_campaign=Feed%3A+GalerieFArtciles+%28Les+derniers+articles++-+lebuteur.com%29\">Cliquez ici pour lire l&rsquo;article depuis sa source.<\/a><\/p>\n","protected":false},"excerpt":{"rendered":"<p>Les deux premiers au classement prendront part \u00e0 la Ligue des champions, alors que le troisi\u00e8me et le d\u00e9tenteur de la Coupe de la Ligue participeront \u00e0 la Coupe de la Conf\u00e9d\u00e9ration&#8230; Auteur: Cliquez ici pour lire l&rsquo;article depuis sa source.<\/p>\n","protected":false},"author":1738,"featured_media":0,"comment_status":"closed","ping_status":"closed","sticky":false,"template":"","format":"standard","meta":{"fifu_image_url":"http:\/\/feeds.feedburner.com\/~r\/GalerieFArtciles\/~4\/oNjv7CIyJ7k","fifu_image_alt":"Comp\u00e9titions africaines interclubs: les repr\u00e9sentants alg\u00e9riens connus le 10 ao\u00fbt","footnotes":""},"categories":[53,75],"tags":[],"class_list":["post-122702","post","type-post","status-publish","format-standard","hentry","category-algerie","category-sport"],"_links":{"self":[{"href":"https:\/\/linitiative.ca\/International\/wp-json\/wp\/v2\/posts\/122702","targetHints":{"allow":["GET"]}}],"collection":[{"href":"https:\/\/linitiative.ca\/International\/wp-json\/wp\/v2\/posts"}],"about":[{"href":"https:\/\/linitiative.ca\/International\/wp-json\/wp\/v2\/types\/post"}],"author":[{"embeddable":true,"href":"https:\/\/linitiative.ca\/International\/wp-json\/wp\/v2\/users\/1738"}],"replies":[{"embeddable":true,"href":"https:\/\/linitiative.ca\/International\/wp-json\/wp\/v2\/comments?post=122702"}],"version-history":[{"count":0,"href":"https:\/\/linitiative.ca\/International\/wp-json\/wp\/v2\/posts\/122702\/revisions"}],"wp:attachment":[{"href":"https:\/\/linitiative.ca\/International\/wp-json\/wp\/v2\/media?parent=122702"}],"wp:term":[{"taxonomy":"category","embeddable":true,"href":"https:\/\/linitiative.ca\/International\/wp-json\/wp\/v2\/categories?post=122702"},{"taxonomy":"post_tag","embeddable":true,"href":"https:\/\/linitiative.ca\/International\/wp-json\/wp\/v2\/tags?post=122702"}],"curies":[{"name":"wp","href":"https:\/\/api.w.org\/{rel}","templated":true}]}}