{"id":122703,"date":"2021-07-29T06:36:08","date_gmt":"2021-07-29T10:36:08","guid":{"rendered":"https:\/\/linitiative.ca\/International\/transport-epiceries-et-reunions-des-espaces-propices-a-la-contamination-a-la-covid-19\/"},"modified":"2021-07-29T06:36:08","modified_gmt":"2021-07-29T10:36:08","slug":"transport-epiceries-et-reunions-des-espaces-propices-a-la-contamination-a-la-covid-19","status":"publish","type":"post","link":"https:\/\/linitiative.ca\/International\/transport-epiceries-et-reunions-des-espaces-propices-a-la-contamination-a-la-covid-19\/","title":{"rendered":"Transport, \u00e9piceries et r\u00e9unions : Des espaces propices \u00e0 la contamination \u00e0 la Covid-19"},"content":{"rendered":"<div>\n<div class=\"sriret\"><img decoding=\"async\" src=\"https:\/\/linitiative.ca\/International\/wp-content\/uploads\/sites\/23\/2021\/07\/default-picture-709x366_c-41.jpg\"><\/div>\n<p>Transports en commun, restaurants, salles de r\u00e9union, ces lieux dans lesquels le risque de contamination \u00e0 la Covid-19 est sup\u00e9rieur ont plusieurs points communs : un espace ferm\u00e9 et une densit\u00e9 importante de personnes.<\/p>\n<p>Les r\u00e9unions priv\u00e9es, avec famille \u00e9largie et amis, et le travail en bureaux partag\u00e9s sont favorables \u00e0 la transmission du virus. Les repas, aussi bien en milieu priv\u00e9 que professionnel, sont le plus souvent \u00e0 l\u2019origine de ces transmissions.<\/p>\n<p>\u00a0<\/p>\n<ul>\n<li style=\"text-align: right;\">* Retrouvez l\u2019int\u00e9gralit\u00e9 de nos articles sur la version papier<\/li>\n<\/ul>\n<p>L\u2019article <a rel=\"nofollow\" href=\"https:\/\/www.elwatan.com\/edition\/actualite\/des-espaces-propices-a-la-contamination-a-la-covid-19-29-07-2021\">Transport, \u00e9piceries et r\u00e9unions : Des espaces propices \u00e0 la contamination \u00e0 la Covid-19<\/a> est apparu en premier sur <a rel=\"nofollow\" href=\"https:\/\/www.elwatan.com\/\">El Watan<\/a>.<\/p>\n<\/div>\n<p>Auteur: Anis Khecheba<br \/>\n<a href=\"https:\/\/www.elwatan.com\/edition\/actualite\/des-espaces-propices-a-la-contamination-a-la-covid-19-29-07-2021\">Cliquez ici pour lire l&rsquo;article depuis sa source.<\/a><\/p>\n","protected":false},"excerpt":{"rendered":"<p>Transports en commun, restaurants, salles de r\u00e9union, ces lieux dans lesquels le risque de contamination \u00e0 la Covid-19 est sup\u00e9rieur ont plusieurs points communs : un espace ferm\u00e9 et une densit\u00e9 importante de personnes. Les r\u00e9unions priv\u00e9es, avec famille \u00e9largie et amis, et le travail en bureaux partag\u00e9s sont favorables \u00e0 la transmission du virus. [&hellip;]<\/p>\n","protected":false},"author":1743,"featured_media":0,"comment_status":"closed","ping_status":"closed","sticky":false,"template":"","format":"standard","meta":{"fifu_image_url":"https:\/\/www.elwatan.com\/wp-content\/themes\/spectr\/img\/default-picture-709x366_c.jpg","fifu_image_alt":"Transport, \u00e9piceries et r\u00e9unions : Des espaces propices \u00e0 la contamination \u00e0 la Covid-19","footnotes":""},"categories":[73,53],"tags":[],"class_list":["post-122703","post","type-post","status-publish","format-standard","hentry","category-actualite","category-algerie"],"_links":{"self":[{"href":"https:\/\/linitiative.ca\/International\/wp-json\/wp\/v2\/posts\/122703","targetHints":{"allow":["GET"]}}],"collection":[{"href":"https:\/\/linitiative.ca\/International\/wp-json\/wp\/v2\/posts"}],"about":[{"href":"https:\/\/linitiative.ca\/International\/wp-json\/wp\/v2\/types\/post"}],"author":[{"embeddable":true,"href":"https:\/\/linitiative.ca\/International\/wp-json\/wp\/v2\/users\/1743"}],"replies":[{"embeddable":true,"href":"https:\/\/linitiative.ca\/International\/wp-json\/wp\/v2\/comments?post=122703"}],"version-history":[{"count":0,"href":"https:\/\/linitiative.ca\/International\/wp-json\/wp\/v2\/posts\/122703\/revisions"}],"wp:attachment":[{"href":"https:\/\/linitiative.ca\/International\/wp-json\/wp\/v2\/media?parent=122703"}],"wp:term":[{"taxonomy":"category","embeddable":true,"href":"https:\/\/linitiative.ca\/International\/wp-json\/wp\/v2\/categories?post=122703"},{"taxonomy":"post_tag","embeddable":true,"href":"https:\/\/linitiative.ca\/International\/wp-json\/wp\/v2\/tags?post=122703"}],"curies":[{"name":"wp","href":"https:\/\/api.w.org\/{rel}","templated":true}]}}