{"id":122705,"date":"2021-07-29T06:37:43","date_gmt":"2021-07-29T10:37:43","guid":{"rendered":"https:\/\/linitiative.ca\/International\/prise-en-charge-des-malades-atteints-du-coronavirus-le-professeur-nibouche-appelle-a-decreter-letat-durgence-sanitaire\/"},"modified":"2021-07-29T06:37:43","modified_gmt":"2021-07-29T10:37:43","slug":"prise-en-charge-des-malades-atteints-du-coronavirus-le-professeur-nibouche-appelle-a-decreter-letat-durgence-sanitaire","status":"publish","type":"post","link":"https:\/\/linitiative.ca\/International\/prise-en-charge-des-malades-atteints-du-coronavirus-le-professeur-nibouche-appelle-a-decreter-letat-durgence-sanitaire\/","title":{"rendered":"Prise en charge des malades atteints du coronavirus  : Le professeur Nibouche appelle \u00e0 d\u00e9cr\u00e9ter l\u2019\u00e9tat d\u2019urgence sanitaire"},"content":{"rendered":"<div>\n<div class=\"sriret\"><img loading=\"lazy\" decoding=\"async\" width=\"1280\" height=\"720\" src=\"https:\/\/linitiative.ca\/International\/wp-content\/uploads\/sites\/23\/2021\/07\/variant-algerien-coronavirus-possible-selon-nibouche.jpeg\" class=\"attachment-featured_large size-featured_large wp-post-image\" alt=\"\" style=\"margin-bottom: 15px;\" srcset=\"https:\/\/linitiative.ca\/International\/wp-content\/uploads\/sites\/23\/2021\/07\/variant-algerien-coronavirus-possible-selon-nibouche.jpeg 1280w, https:\/\/www.elwatan.com\/wp-content\/uploads\/2021\/07\/variant-algerien-coronavirus-possible-selon-nibouche-300x169.jpeg 300w, https:\/\/www.elwatan.com\/wp-content\/uploads\/2021\/07\/variant-algerien-coronavirus-possible-selon-nibouche-768x432.jpeg 768w, https:\/\/www.elwatan.com\/wp-content\/uploads\/2021\/07\/variant-algerien-coronavirus-possible-selon-nibouche-1024x576.jpeg 1024w\" sizes=\"auto, (max-width: 1280px) 100vw, 1280px\"><\/div>\n<p>Le Pr Djamel Eddine Nibouche estime qu\u2019il faut revoir la strat\u00e9gie de gestion de cette crise sanitaire et d\u00e9sengorger les h\u00f4pitaux.<\/p>\n<p>D\u00e9cr\u00e9ter un \u00e9tat d\u2019urgence sanitaire et mobiliser tous les moyens pour lutter contre la Covid-19 est aujourd\u2019hui plus que n\u00e9cessaire, selon le Pr Djamel Eddine Nibouche, chef de service de cardiologique au CHU Parnet.<\/p>\n<p>\u00a0<\/p>\n<ul>\n<li style=\"text-align: right;\">* Retrouvez l\u2019int\u00e9gralit\u00e9 de nos articles sur la version papier<\/li>\n<\/ul>\n<p>L\u2019article <a rel=\"nofollow\" href=\"https:\/\/www.elwatan.com\/edition\/actualite\/le-professeur-nibouche-appelle-a-decreter-letat-durgence-sanitaire-29-07-2021\">Prise en charge des malades atteints du coronavirus  : Le professeur Nibouche appelle \u00e0 d\u00e9cr\u00e9ter l\u2019\u00e9tat d\u2019urgence sanitaire<\/a> est apparu en premier sur <a rel=\"nofollow\" href=\"https:\/\/www.elwatan.com\/\">El Watan<\/a>.<\/p>\n<\/div>\n<p>Auteur: Anis Khecheba<br \/>\n<a href=\"https:\/\/www.elwatan.com\/edition\/actualite\/le-professeur-nibouche-appelle-a-decreter-letat-durgence-sanitaire-29-07-2021\">Cliquez ici pour lire l&rsquo;article depuis sa source.<\/a><\/p>\n","protected":false},"excerpt":{"rendered":"<p>Le Pr Djamel Eddine Nibouche estime qu\u2019il faut revoir la strat\u00e9gie de gestion de cette crise sanitaire et d\u00e9sengorger les h\u00f4pitaux. D\u00e9cr\u00e9ter un \u00e9tat d\u2019urgence sanitaire et mobiliser tous les moyens pour lutter contre la Covid-19 est aujourd\u2019hui plus que n\u00e9cessaire, selon le Pr Djamel Eddine Nibouche, chef de service de cardiologique au CHU Parnet. [&hellip;]<\/p>\n","protected":false},"author":1743,"featured_media":0,"comment_status":"closed","ping_status":"closed","sticky":false,"template":"","format":"standard","meta":{"fifu_image_url":"https:\/\/www.elwatan.com\/wp-content\/uploads\/2021\/07\/variant-algerien-coronavirus-possible-selon-nibouche.jpeg","fifu_image_alt":"Prise en charge des malades atteints du coronavirus  : Le professeur Nibouche appelle \u00e0 d\u00e9cr\u00e9ter l\u2019\u00e9tat d\u2019urgence sanitaire","footnotes":""},"categories":[73,53],"tags":[],"class_list":["post-122705","post","type-post","status-publish","format-standard","hentry","category-actualite","category-algerie"],"_links":{"self":[{"href":"https:\/\/linitiative.ca\/International\/wp-json\/wp\/v2\/posts\/122705","targetHints":{"allow":["GET"]}}],"collection":[{"href":"https:\/\/linitiative.ca\/International\/wp-json\/wp\/v2\/posts"}],"about":[{"href":"https:\/\/linitiative.ca\/International\/wp-json\/wp\/v2\/types\/post"}],"author":[{"embeddable":true,"href":"https:\/\/linitiative.ca\/International\/wp-json\/wp\/v2\/users\/1743"}],"replies":[{"embeddable":true,"href":"https:\/\/linitiative.ca\/International\/wp-json\/wp\/v2\/comments?post=122705"}],"version-history":[{"count":0,"href":"https:\/\/linitiative.ca\/International\/wp-json\/wp\/v2\/posts\/122705\/revisions"}],"wp:attachment":[{"href":"https:\/\/linitiative.ca\/International\/wp-json\/wp\/v2\/media?parent=122705"}],"wp:term":[{"taxonomy":"category","embeddable":true,"href":"https:\/\/linitiative.ca\/International\/wp-json\/wp\/v2\/categories?post=122705"},{"taxonomy":"post_tag","embeddable":true,"href":"https:\/\/linitiative.ca\/International\/wp-json\/wp\/v2\/tags?post=122705"}],"curies":[{"name":"wp","href":"https:\/\/api.w.org\/{rel}","templated":true}]}}