{"id":122707,"date":"2021-07-29T06:38:36","date_gmt":"2021-07-29T10:38:36","guid":{"rendered":"https:\/\/linitiative.ca\/International\/ain-el-hammam-leph-lance-un-appel-aux-retraites\/"},"modified":"2021-07-29T06:38:36","modified_gmt":"2021-07-29T10:38:36","slug":"ain-el-hammam-leph-lance-un-appel-aux-retraites","status":"publish","type":"post","link":"https:\/\/linitiative.ca\/International\/ain-el-hammam-leph-lance-un-appel-aux-retraites\/","title":{"rendered":"A\u00efn El Hammam : L\u2019EPH lance un appel aux retrait\u00e9s"},"content":{"rendered":"<div>\n<div class=\"sriret\"><img decoding=\"async\" src=\"https:\/\/linitiative.ca\/International\/wp-content\/uploads\/sites\/23\/2021\/07\/default-picture-709x366_c-42.jpg\"><\/div>\n<p>Avec la grande charge provoqu\u00e9e par la hausse\u00a0des cas de contamination \u00e0 la Covid-19 ces deux derni\u00e8res semaines, le personnel soignant est souvent d\u00e9pass\u00e9. Il est amoindri aussi par un nombre important de ses \u00e9l\u00e9ments qui se trouvent touch\u00e9s par la pand\u00e9mie.<\/p>\n<p>\u00a0<\/p>\n<ul>\n<li style=\"text-align: right;\">* Retrouvez l\u2019int\u00e9gralit\u00e9 de nos articles sur la version papier<\/li>\n<\/ul>\n<p>L\u2019article <a rel=\"nofollow\" href=\"https:\/\/www.elwatan.com\/edition\/actualite\/ain-el-hammam-leph-lance-un-appel-aux-retraites-29-07-2021\">A\u00efn El Hammam : L\u2019EPH lance un appel aux retrait\u00e9s<\/a> est apparu en premier sur <a rel=\"nofollow\" href=\"https:\/\/www.elwatan.com\/\">El Watan<\/a>.<\/p>\n<\/div>\n<p>Auteur: Anis Khecheba<br \/>\n<a href=\"https:\/\/www.elwatan.com\/edition\/actualite\/ain-el-hammam-leph-lance-un-appel-aux-retraites-29-07-2021\">Cliquez ici pour lire l&rsquo;article depuis sa source.<\/a><\/p>\n","protected":false},"excerpt":{"rendered":"<p>Avec la grande charge provoqu\u00e9e par la hausse\u00a0des cas de contamination \u00e0 la Covid-19 ces deux derni\u00e8res semaines, le personnel soignant est souvent d\u00e9pass\u00e9. Il est amoindri aussi par un nombre important de ses \u00e9l\u00e9ments qui se trouvent touch\u00e9s par la pand\u00e9mie. \u00a0 * Retrouvez l\u2019int\u00e9gralit\u00e9 de nos articles sur la version papier L\u2019article A\u00efn [&hellip;]<\/p>\n","protected":false},"author":1743,"featured_media":0,"comment_status":"closed","ping_status":"closed","sticky":false,"template":"","format":"standard","meta":{"fifu_image_url":"https:\/\/www.elwatan.com\/wp-content\/themes\/spectr\/img\/default-picture-709x366_c.jpg","fifu_image_alt":"A\u00efn El Hammam : L\u2019EPH lance un appel aux retrait\u00e9s","footnotes":""},"categories":[73,53],"tags":[],"class_list":["post-122707","post","type-post","status-publish","format-standard","hentry","category-actualite","category-algerie"],"_links":{"self":[{"href":"https:\/\/linitiative.ca\/International\/wp-json\/wp\/v2\/posts\/122707","targetHints":{"allow":["GET"]}}],"collection":[{"href":"https:\/\/linitiative.ca\/International\/wp-json\/wp\/v2\/posts"}],"about":[{"href":"https:\/\/linitiative.ca\/International\/wp-json\/wp\/v2\/types\/post"}],"author":[{"embeddable":true,"href":"https:\/\/linitiative.ca\/International\/wp-json\/wp\/v2\/users\/1743"}],"replies":[{"embeddable":true,"href":"https:\/\/linitiative.ca\/International\/wp-json\/wp\/v2\/comments?post=122707"}],"version-history":[{"count":0,"href":"https:\/\/linitiative.ca\/International\/wp-json\/wp\/v2\/posts\/122707\/revisions"}],"wp:attachment":[{"href":"https:\/\/linitiative.ca\/International\/wp-json\/wp\/v2\/media?parent=122707"}],"wp:term":[{"taxonomy":"category","embeddable":true,"href":"https:\/\/linitiative.ca\/International\/wp-json\/wp\/v2\/categories?post=122707"},{"taxonomy":"post_tag","embeddable":true,"href":"https:\/\/linitiative.ca\/International\/wp-json\/wp\/v2\/tags?post=122707"}],"curies":[{"name":"wp","href":"https:\/\/api.w.org\/{rel}","templated":true}]}}