{"id":122709,"date":"2021-07-29T06:39:46","date_gmt":"2021-07-29T10:39:46","guid":{"rendered":"https:\/\/linitiative.ca\/International\/dr-lyes-merabet-president-du-syndicat-des-praticiens-de-la-sante-publique-nous-comptons-chaque-jour-des-martyrs\/"},"modified":"2021-07-29T06:39:46","modified_gmt":"2021-07-29T10:39:46","slug":"dr-lyes-merabet-president-du-syndicat-des-praticiens-de-la-sante-publique-nous-comptons-chaque-jour-des-martyrs","status":"publish","type":"post","link":"https:\/\/linitiative.ca\/International\/dr-lyes-merabet-president-du-syndicat-des-praticiens-de-la-sante-publique-nous-comptons-chaque-jour-des-martyrs\/","title":{"rendered":"Dr Lyes Merabet. Pr\u00e9sident du Syndicat des praticiens de la sant\u00e9 publique : \u00abNous comptons chaque jour des martyrs\u00bb"},"content":{"rendered":"<div>\n<div class=\"sriret\"><img decoding=\"async\" src=\"https:\/\/linitiative.ca\/International\/wp-content\/uploads\/sites\/23\/2021\/07\/default-picture-709x366_c-43.jpg\"><\/div>\n<p><em><strong>\u2013 L\u2019aggravation de la crise sanitaire a eu des cons\u00e9quences d\u00e9sastreuses sur le personnel soignant, avec de nombreux d\u00e9c\u00e8s et contaminations. Quel bilan faires-vous de cette situation ?<\/strong><\/em><\/p>\n<p>Le personnel m\u00e9dical, tout corps confondu, est face \u00e0 une grave situation. Je peux vous dire que c\u2019est l\u2019h\u00e9catombe. En 24 jours, nous avons perdu 24 m\u00e9decins, aussi bien du secteur priv\u00e9 que du public. Chaque jour, nous comptons nos morts et les cas de contamination dans tous les services, \u00e0 savoir hospitalisation, r\u00e9animation, imagerie, laboratoire, etc.<\/p>\n<p>\u00a0<\/p>\n<ul>\n<li style=\"text-align: right;\">* Retrouvez l\u2019int\u00e9gralit\u00e9 de nos articles sur la version papier<\/li>\n<\/ul>\n<p>L\u2019article <a rel=\"nofollow\" href=\"https:\/\/www.elwatan.com\/edition\/actualite\/nous-comptons-chaque-jour-des-martyrs-29-07-2021\">Dr Lyes Merabet. Pr\u00e9sident du Syndicat des praticiens de la sant\u00e9 publique : \u00abNous comptons chaque jour des martyrs\u00bb<\/a> est apparu en premier sur <a rel=\"nofollow\" href=\"https:\/\/www.elwatan.com\/\">El Watan<\/a>.<\/p>\n<\/div>\n<p>Auteur: Anis Khecheba<br \/>\n<a href=\"https:\/\/www.elwatan.com\/edition\/actualite\/nous-comptons-chaque-jour-des-martyrs-29-07-2021\">Cliquez ici pour lire l&rsquo;article depuis sa source.<\/a><\/p>\n","protected":false},"excerpt":{"rendered":"<p>\u2013 L\u2019aggravation de la crise sanitaire a eu des cons\u00e9quences d\u00e9sastreuses sur le personnel soignant, avec de nombreux d\u00e9c\u00e8s et contaminations. Quel bilan faires-vous de cette situation ? Le personnel m\u00e9dical, tout corps confondu, est face \u00e0 une grave situation. Je peux vous dire que c\u2019est l\u2019h\u00e9catombe. En 24 jours, nous avons perdu 24 m\u00e9decins, [&hellip;]<\/p>\n","protected":false},"author":1743,"featured_media":0,"comment_status":"closed","ping_status":"closed","sticky":false,"template":"","format":"standard","meta":{"fifu_image_url":"https:\/\/www.elwatan.com\/wp-content\/themes\/spectr\/img\/default-picture-709x366_c.jpg","fifu_image_alt":"Dr Lyes Merabet. Pr\u00e9sident du Syndicat des praticiens de la sant\u00e9 publique : \u00abNous comptons chaque jour des martyrs\u00bb","footnotes":""},"categories":[73,53],"tags":[],"class_list":["post-122709","post","type-post","status-publish","format-standard","hentry","category-actualite","category-algerie"],"_links":{"self":[{"href":"https:\/\/linitiative.ca\/International\/wp-json\/wp\/v2\/posts\/122709","targetHints":{"allow":["GET"]}}],"collection":[{"href":"https:\/\/linitiative.ca\/International\/wp-json\/wp\/v2\/posts"}],"about":[{"href":"https:\/\/linitiative.ca\/International\/wp-json\/wp\/v2\/types\/post"}],"author":[{"embeddable":true,"href":"https:\/\/linitiative.ca\/International\/wp-json\/wp\/v2\/users\/1743"}],"replies":[{"embeddable":true,"href":"https:\/\/linitiative.ca\/International\/wp-json\/wp\/v2\/comments?post=122709"}],"version-history":[{"count":0,"href":"https:\/\/linitiative.ca\/International\/wp-json\/wp\/v2\/posts\/122709\/revisions"}],"wp:attachment":[{"href":"https:\/\/linitiative.ca\/International\/wp-json\/wp\/v2\/media?parent=122709"}],"wp:term":[{"taxonomy":"category","embeddable":true,"href":"https:\/\/linitiative.ca\/International\/wp-json\/wp\/v2\/categories?post=122709"},{"taxonomy":"post_tag","embeddable":true,"href":"https:\/\/linitiative.ca\/International\/wp-json\/wp\/v2\/tags?post=122709"}],"curies":[{"name":"wp","href":"https:\/\/api.w.org\/{rel}","templated":true}]}}