{"id":122717,"date":"2021-07-28T18:26:00","date_gmt":"2021-07-28T22:26:00","guid":{"rendered":"https:\/\/linitiative.ca\/International\/la-rude-mission-de-awatef-dali-nommee-a-la-tete-de-la-television-tunisienne\/"},"modified":"2021-07-28T18:26:00","modified_gmt":"2021-07-28T22:26:00","slug":"la-rude-mission-de-awatef-dali-nommee-a-la-tete-de-la-television-tunisienne","status":"publish","type":"post","link":"https:\/\/linitiative.ca\/International\/la-rude-mission-de-awatef-dali-nommee-a-la-tete-de-la-television-tunisienne\/","title":{"rendered":"La rude mission de Awatef Dali nomm\u00e9e \u00e0 la t\u00eate de la T\u00e9l\u00e9vision tunisienne"},"content":{"rendered":"<div><img decoding=\"async\" src=\"https:\/\/linitiative.ca\/International\/wp-content\/uploads\/sites\/23\/2021\/07\/1627507612_article.jpg\" alt=\"Awatef Saghrouni\" align=\"left\">Un bastion lib\u00e9r\u00e9? La d\u00e9cision a \u00e9t\u00e9 imm\u00e9diate. R\u00e9agissant promptement \u00e0 l\u2019incident survenu mercredi apr\u00e8s-midi interdisant l\u2019acc\u00e8s \u00e0 des invit\u00e9s au plateau de la chaine t\u00e9l\u00e9 publique Watania 1, le pr\u00e9sident Kais Sa\u00efed a limog\u00e9 le pr\u00e9sident de l\u2019\u00c9tablissement de la T\u00e9l\u00e9vision tunisienne, Lassaad Dahech et son remplacement par Awatef Dali, \u00e0 titre provisoire (en attendant son aval par la Haica). Dahech avait argu\u00e9, s\u2019agissant d\u2019Amira Mohamed, vice-pr\u00e9sidente du syndicat national des journalistes tunisiens (SNJT) et de Me Bassem Trifi, vice-pr\u00e9sident de la Ligue tunisienne pour la d\u00e9fense des droits de l&rsquo;Homme (LTDH), qu\u2019il avait re\u00e7u des instructions &#8230;<\/p>\n<\/div>\n<p>Auteur:<br \/>\n<a href=\"https:\/\/www.leaders.com.tn\/article\/32211-awatef-saghrouni\">Cliquez ici pour lire l&rsquo;article depuis sa source.<\/a><\/p>\n","protected":false},"excerpt":{"rendered":"<p>Un bastion lib\u00e9r\u00e9? La d\u00e9cision a \u00e9t\u00e9 imm\u00e9diate. R\u00e9agissant promptement \u00e0 l\u2019incident survenu mercredi apr\u00e8s-midi interdisant l\u2019acc\u00e8s \u00e0 des invit\u00e9s au plateau de la chaine t\u00e9l\u00e9 publique Watania 1, le pr\u00e9sident Kais Sa\u00efed a limog\u00e9 le pr\u00e9sident de l\u2019\u00c9tablissement de la T\u00e9l\u00e9vision tunisienne, Lassaad Dahech et son remplacement par Awatef Dali, \u00e0 titre provisoire (en [&hellip;]<\/p>\n","protected":false},"author":1772,"featured_media":0,"comment_status":"closed","ping_status":"closed","sticky":false,"template":"","format":"standard","meta":{"fifu_image_url":"http:\/\/www.leaders.com.tn\/uploads\/content\/thumbnails_small\/1627507612_article.jpg","fifu_image_alt":"La rude mission de Awatef Dali nomm\u00e9e \u00e0 la t\u00eate de la T\u00e9l\u00e9vision tunisienne","footnotes":""},"categories":[73,55],"tags":[],"class_list":["post-122717","post","type-post","status-publish","format-standard","hentry","category-actualite","category-tunisie"],"_links":{"self":[{"href":"https:\/\/linitiative.ca\/International\/wp-json\/wp\/v2\/posts\/122717","targetHints":{"allow":["GET"]}}],"collection":[{"href":"https:\/\/linitiative.ca\/International\/wp-json\/wp\/v2\/posts"}],"about":[{"href":"https:\/\/linitiative.ca\/International\/wp-json\/wp\/v2\/types\/post"}],"author":[{"embeddable":true,"href":"https:\/\/linitiative.ca\/International\/wp-json\/wp\/v2\/users\/1772"}],"replies":[{"embeddable":true,"href":"https:\/\/linitiative.ca\/International\/wp-json\/wp\/v2\/comments?post=122717"}],"version-history":[{"count":0,"href":"https:\/\/linitiative.ca\/International\/wp-json\/wp\/v2\/posts\/122717\/revisions"}],"wp:attachment":[{"href":"https:\/\/linitiative.ca\/International\/wp-json\/wp\/v2\/media?parent=122717"}],"wp:term":[{"taxonomy":"category","embeddable":true,"href":"https:\/\/linitiative.ca\/International\/wp-json\/wp\/v2\/categories?post=122717"},{"taxonomy":"post_tag","embeddable":true,"href":"https:\/\/linitiative.ca\/International\/wp-json\/wp\/v2\/tags?post=122717"}],"curies":[{"name":"wp","href":"https:\/\/api.w.org\/{rel}","templated":true}]}}