{"id":122721,"date":"2021-07-29T17:00:51","date_gmt":"2021-07-29T21:00:51","guid":{"rendered":"https:\/\/linitiative.ca\/International\/ridha-gharsallaoui-un-haut-securitaire-de-carthage-nomme-a-la-tete-du-ministere-de-linterieur\/"},"modified":"2021-07-29T17:00:51","modified_gmt":"2021-07-29T21:00:51","slug":"ridha-gharsallaoui-un-haut-securitaire-de-carthage-nomme-a-la-tete-du-ministere-de-linterieur","status":"publish","type":"post","link":"https:\/\/linitiative.ca\/International\/ridha-gharsallaoui-un-haut-securitaire-de-carthage-nomme-a-la-tete-du-ministere-de-linterieur\/","title":{"rendered":"Ridha Gharsallaoui, un haut s\u00e9curitaire de Carthage, nomm\u00e9 \u00e0 la t\u00eate du minist\u00e8re de l\u2019Int\u00e9rieur"},"content":{"rendered":"<div><img decoding=\"async\" src=\"https:\/\/linitiative.ca\/International\/wp-content\/uploads\/sites\/23\/2021\/07\/1627590960_article.jpg\" alt=\"Ridha Gharsallaoui, un haut s\u00e9curitaire de Carthage, nomm\u00e9 \u00e0 la t\u00eate du minist\u00e8re de l\u2019Int\u00e9rieur\" align=\"left\">Kais Sa\u00efed r\u00e9v\u00e8le le profil-type qu&rsquo;il pr\u00e9f\u00e8re dans le futur gouvernement: un visage neuf, comp\u00e9tent et discret. Ridha Gharsallaoui d\u00e9sign\u00e9 \u00e0 l&rsquo;Int\u00e9riuer, en offre l&rsquo;exemple.\u00a0En attendant la d\u00e9signation d\u2019un nouveau chef de gouvernement, l\u2019urgence de situation a d\u00fb commander au pr\u00e9sident Kais Sa\u00efed de combler la vacance \u00e0 la t\u00eate du minist\u00e8re de l\u2019Int\u00e9rieur. Pour le moment, il n\u2019a pas nomm\u00e9 un ministre en titre, par respect aux dispositions constitutionnelles, comme il le r\u00e9it\u00e8rera, mais un \u00ab\u00a0charg\u00e9 de diriger le minist\u00e8re de l\u2019Int\u00e9rieur\u00a0\u00bb. Son choix s\u2019est ainsi port\u00e9 sur son conseiller \u00e0 la s\u00e9curit\u00e9, Ridha Gharsallaoui, un haut cadre &#8230;<\/p>\n<\/div>\n<p>Auteur:<br \/>\n<a href=\"https:\/\/www.leaders.com.tn\/article\/32214-ridha-gharsallaoui-un-haut-securitaire-de-carthage-nomme-a-la-tete-du-ministere-de-l-interieur\">Cliquez ici pour lire l&rsquo;article depuis sa source.<\/a><\/p>\n","protected":false},"excerpt":{"rendered":"<p>Kais Sa\u00efed r\u00e9v\u00e8le le profil-type qu&rsquo;il pr\u00e9f\u00e8re dans le futur gouvernement: un visage neuf, comp\u00e9tent et discret. Ridha Gharsallaoui d\u00e9sign\u00e9 \u00e0 l&rsquo;Int\u00e9riuer, en offre l&rsquo;exemple.\u00a0En attendant la d\u00e9signation d\u2019un nouveau chef de gouvernement, l\u2019urgence de situation a d\u00fb commander au pr\u00e9sident Kais Sa\u00efed de combler la vacance \u00e0 la t\u00eate du minist\u00e8re de l\u2019Int\u00e9rieur. Pour [&hellip;]<\/p>\n","protected":false},"author":1772,"featured_media":0,"comment_status":"closed","ping_status":"closed","sticky":false,"template":"","format":"standard","meta":{"fifu_image_url":"http:\/\/www.leaders.com.tn\/uploads\/content\/thumbnails_small\/1627590960_article.jpg","fifu_image_alt":"Ridha Gharsallaoui, un haut s\u00e9curitaire de Carthage, nomm\u00e9 \u00e0 la t\u00eate du minist\u00e8re de l\u2019Int\u00e9rieur","footnotes":""},"categories":[73,55],"tags":[],"class_list":["post-122721","post","type-post","status-publish","format-standard","hentry","category-actualite","category-tunisie"],"_links":{"self":[{"href":"https:\/\/linitiative.ca\/International\/wp-json\/wp\/v2\/posts\/122721","targetHints":{"allow":["GET"]}}],"collection":[{"href":"https:\/\/linitiative.ca\/International\/wp-json\/wp\/v2\/posts"}],"about":[{"href":"https:\/\/linitiative.ca\/International\/wp-json\/wp\/v2\/types\/post"}],"author":[{"embeddable":true,"href":"https:\/\/linitiative.ca\/International\/wp-json\/wp\/v2\/users\/1772"}],"replies":[{"embeddable":true,"href":"https:\/\/linitiative.ca\/International\/wp-json\/wp\/v2\/comments?post=122721"}],"version-history":[{"count":0,"href":"https:\/\/linitiative.ca\/International\/wp-json\/wp\/v2\/posts\/122721\/revisions"}],"wp:attachment":[{"href":"https:\/\/linitiative.ca\/International\/wp-json\/wp\/v2\/media?parent=122721"}],"wp:term":[{"taxonomy":"category","embeddable":true,"href":"https:\/\/linitiative.ca\/International\/wp-json\/wp\/v2\/categories?post=122721"},{"taxonomy":"post_tag","embeddable":true,"href":"https:\/\/linitiative.ca\/International\/wp-json\/wp\/v2\/tags?post=122721"}],"curies":[{"name":"wp","href":"https:\/\/api.w.org\/{rel}","templated":true}]}}