{"id":122732,"date":"2021-07-29T13:25:08","date_gmt":"2021-07-29T17:25:08","guid":{"rendered":"https:\/\/linitiative.ca\/International\/maroc-israel-voici-ce-que-pensent-les-marocains-de-la-normalisation\/"},"modified":"2021-07-29T13:25:08","modified_gmt":"2021-07-29T17:25:08","slug":"maroc-israel-voici-ce-que-pensent-les-marocains-de-la-normalisation","status":"publish","type":"post","link":"https:\/\/linitiative.ca\/International\/maroc-israel-voici-ce-que-pensent-les-marocains-de-la-normalisation\/","title":{"rendered":"Maroc-Isra\u00ebl. Voici ce que pensent les Marocains de la normalisation"},"content":{"rendered":"<div><img decoding=\"async\" width=\"924\" height=\"616\" src=\"https:\/\/linitiative.ca\/International\/wp-content\/uploads\/sites\/23\/2021\/07\/bur.jpeg\" class=\"attachment-post-thumbnail size-post-thumbnail wp-post-image\" alt=\"\" loading=\"lazy\" srcset=\"https:\/\/linitiative.ca\/International\/wp-content\/uploads\/sites\/23\/2021\/07\/bur.jpeg 924w, https:\/\/www.challenge.ma\/wp-content\/uploads\/2021\/07\/bur-300x200.jpeg 300w, https:\/\/www.challenge.ma\/wp-content\/uploads\/2021\/07\/bur-768x512.jpeg 768w, https:\/\/www.challenge.ma\/wp-content\/uploads\/2021\/07\/bur-360x240.jpeg 360w, https:\/\/www.challenge.ma\/wp-content\/uploads\/2021\/07\/bur-750x500.jpeg 750w\" sizes=\"auto, (max-width: 924px) 100vw, 924px\" itemprop=\"image\">Que pensent les Marocains de la normalisation des relations entre le Royaume et Isra\u00ebl\u00a0? Une r\u00e9cente enqu\u00eate r\u00e9alis\u00e9e par le groupe Sunergia r\u00e9pond \u00e0 cette question. Les d\u00e9tails. Le groupe Sunergia pr\u00e9cise que la question pos\u00e9e dans le cadre de cette enqu\u00eate est\u00a0: Comment jugez-vous la normalisation des relations entre<\/div>\n<p>Auteur: challenge<br \/>\n<a href=\"https:\/\/www.challenge.ma\/maroc-israel-voici-ce-que-pensent-les-marocains-de-la-normalisation-194377\/\">Cliquez ici pour lire l&rsquo;article depuis sa source.<\/a><\/p>\n","protected":false},"excerpt":{"rendered":"<p>Que pensent les Marocains de la normalisation des relations entre le Royaume et Isra\u00ebl\u00a0? Une r\u00e9cente enqu\u00eate r\u00e9alis\u00e9e par le groupe Sunergia r\u00e9pond \u00e0 cette question. Les d\u00e9tails. Le groupe Sunergia pr\u00e9cise que la question pos\u00e9e dans le cadre de cette enqu\u00eate est\u00a0: Comment jugez-vous la normalisation des relations entre Auteur: challenge Cliquez ici pour [&hellip;]<\/p>\n","protected":false},"author":1787,"featured_media":0,"comment_status":"closed","ping_status":"closed","sticky":false,"template":"","format":"standard","meta":{"fifu_image_url":"https:\/\/www.challenge.ma\/wp-content\/uploads\/2021\/07\/bur.jpeg","fifu_image_alt":"Maroc-Isra\u00ebl. Voici ce que pensent les Marocains de la normalisation","footnotes":""},"categories":[78,54],"tags":[],"class_list":["post-122732","post","type-post","status-publish","format-standard","hentry","category-economie","category-maroc"],"_links":{"self":[{"href":"https:\/\/linitiative.ca\/International\/wp-json\/wp\/v2\/posts\/122732","targetHints":{"allow":["GET"]}}],"collection":[{"href":"https:\/\/linitiative.ca\/International\/wp-json\/wp\/v2\/posts"}],"about":[{"href":"https:\/\/linitiative.ca\/International\/wp-json\/wp\/v2\/types\/post"}],"author":[{"embeddable":true,"href":"https:\/\/linitiative.ca\/International\/wp-json\/wp\/v2\/users\/1787"}],"replies":[{"embeddable":true,"href":"https:\/\/linitiative.ca\/International\/wp-json\/wp\/v2\/comments?post=122732"}],"version-history":[{"count":0,"href":"https:\/\/linitiative.ca\/International\/wp-json\/wp\/v2\/posts\/122732\/revisions"}],"wp:attachment":[{"href":"https:\/\/linitiative.ca\/International\/wp-json\/wp\/v2\/media?parent=122732"}],"wp:term":[{"taxonomy":"category","embeddable":true,"href":"https:\/\/linitiative.ca\/International\/wp-json\/wp\/v2\/categories?post=122732"},{"taxonomy":"post_tag","embeddable":true,"href":"https:\/\/linitiative.ca\/International\/wp-json\/wp\/v2\/tags?post=122732"}],"curies":[{"name":"wp","href":"https:\/\/api.w.org\/{rel}","templated":true}]}}