{"id":122736,"date":"2021-07-29T14:59:10","date_gmt":"2021-07-29T18:59:10","guid":{"rendered":"https:\/\/linitiative.ca\/International\/pegasus-mediatus-propagus\/"},"modified":"2021-07-29T14:59:10","modified_gmt":"2021-07-29T18:59:10","slug":"pegasus-mediatus-propagus","status":"publish","type":"post","link":"https:\/\/linitiative.ca\/International\/pegasus-mediatus-propagus\/","title":{"rendered":"Pegasus, m\u00e9diatus, propagus"},"content":{"rendered":"<div><img decoding=\"async\" width=\"838\" height=\"558\" src=\"https:\/\/linitiative.ca\/International\/wp-content\/uploads\/sites\/23\/2021\/07\/macron.jpg\" class=\"attachment-post-thumbnail size-post-thumbnail wp-post-image\" alt=\"\" loading=\"lazy\" srcset=\"https:\/\/linitiative.ca\/International\/wp-content\/uploads\/sites\/23\/2021\/07\/macron.jpg 838w, https:\/\/www.challenge.ma\/wp-content\/uploads\/2021\/07\/macron-300x200.jpg 300w, https:\/\/www.challenge.ma\/wp-content\/uploads\/2021\/07\/macron-768x511.jpg 768w, https:\/\/www.challenge.ma\/wp-content\/uploads\/2021\/07\/macron-360x240.jpg 360w, https:\/\/www.challenge.ma\/wp-content\/uploads\/2021\/07\/macron-750x499.jpg 750w\" sizes=\"auto, (max-width: 838px) 100vw, 838px\" itemprop=\"image\">La question que l\u2019on pourrait l\u00e9gitimement nous poser en tant que citoyens marocains, c\u2019est celle de savoir qui se cacherait r\u00e9ellement derri\u00e8re cette piteuse affaire de Pegasus belli. Car au vu de l\u2019assaut m\u00e9diatique qui s\u2019est d\u00e9clench\u00e9 cette derni\u00e8re semaine contre le Maroc, on se demanderait logiquement pourquoi autant de<\/div>\n<p>Auteur: challenge<br \/>\n<a href=\"https:\/\/www.challenge.ma\/pegasus-mediatus-propagus-194404\/\">Cliquez ici pour lire l&rsquo;article depuis sa source.<\/a><\/p>\n","protected":false},"excerpt":{"rendered":"<p>La question que l\u2019on pourrait l\u00e9gitimement nous poser en tant que citoyens marocains, c\u2019est celle de savoir qui se cacherait r\u00e9ellement derri\u00e8re cette piteuse affaire de Pegasus belli. Car au vu de l\u2019assaut m\u00e9diatique qui s\u2019est d\u00e9clench\u00e9 cette derni\u00e8re semaine contre le Maroc, on se demanderait logiquement pourquoi autant de Auteur: challenge Cliquez ici pour [&hellip;]<\/p>\n","protected":false},"author":1787,"featured_media":0,"comment_status":"closed","ping_status":"closed","sticky":false,"template":"","format":"standard","meta":{"fifu_image_url":"https:\/\/www.challenge.ma\/wp-content\/uploads\/2021\/07\/macron.jpg","fifu_image_alt":"Pegasus, m\u00e9diatus, propagus","footnotes":""},"categories":[78,54],"tags":[],"class_list":["post-122736","post","type-post","status-publish","format-standard","hentry","category-economie","category-maroc"],"_links":{"self":[{"href":"https:\/\/linitiative.ca\/International\/wp-json\/wp\/v2\/posts\/122736","targetHints":{"allow":["GET"]}}],"collection":[{"href":"https:\/\/linitiative.ca\/International\/wp-json\/wp\/v2\/posts"}],"about":[{"href":"https:\/\/linitiative.ca\/International\/wp-json\/wp\/v2\/types\/post"}],"author":[{"embeddable":true,"href":"https:\/\/linitiative.ca\/International\/wp-json\/wp\/v2\/users\/1787"}],"replies":[{"embeddable":true,"href":"https:\/\/linitiative.ca\/International\/wp-json\/wp\/v2\/comments?post=122736"}],"version-history":[{"count":0,"href":"https:\/\/linitiative.ca\/International\/wp-json\/wp\/v2\/posts\/122736\/revisions"}],"wp:attachment":[{"href":"https:\/\/linitiative.ca\/International\/wp-json\/wp\/v2\/media?parent=122736"}],"wp:term":[{"taxonomy":"category","embeddable":true,"href":"https:\/\/linitiative.ca\/International\/wp-json\/wp\/v2\/categories?post=122736"},{"taxonomy":"post_tag","embeddable":true,"href":"https:\/\/linitiative.ca\/International\/wp-json\/wp\/v2\/tags?post=122736"}],"curies":[{"name":"wp","href":"https:\/\/api.w.org\/{rel}","templated":true}]}}