{"id":122738,"date":"2021-07-29T15:43:19","date_gmt":"2021-07-29T19:43:19","guid":{"rendered":"https:\/\/linitiative.ca\/International\/tunisie-les-salaires-verses-avec-une-semaine-de-retard-ca-va-durer-jusqua-la-fin-de-lannee\/"},"modified":"2021-07-29T15:43:19","modified_gmt":"2021-07-29T19:43:19","slug":"tunisie-les-salaires-verses-avec-une-semaine-de-retard-ca-va-durer-jusqua-la-fin-de-lannee","status":"publish","type":"post","link":"https:\/\/linitiative.ca\/International\/tunisie-les-salaires-verses-avec-une-semaine-de-retard-ca-va-durer-jusqua-la-fin-de-lannee\/","title":{"rendered":"Tunisie \u2013 Les salaires vers\u00e9s avec une semaine de retard\u00a0: \u00e7\u00e0 va durer jusqu\u2019\u00e0 la fin de l\u2019ann\u00e9e\u00a0!"},"content":{"rendered":"<div>\n<p>Des sources aupr\u00e8s du minist\u00e8re des finances et de l\u2019\u00e9conomie ont assur\u00e9 que l\u2019Etat a vers\u00e9 les salaires de tous ses fonctionnaires, avec une semaine de retard. Les m\u00eames sources ont assur\u00e9 que cette proc\u00e9dure est l\u00e9gale, et qu\u2019elle va perdurer jusqu\u2019\u00e0 la fin de l\u2019ann\u00e9e, et servira \u00e0 aider le gouvernement \u00e0 se ressaisir [\u2026]<\/p>\n<p>L\u2019article <a href=\"https:\/\/www.tunisienumerique.com\/tunisie-les-salaires-verses-avec-une-semaine-de-retard-ca-va-durer-jusqua-la-fin-de-lannee\/\">Tunisie \u2013 Les salaires vers\u00e9s avec une semaine de retard\u00a0: \u00e7\u00e0 va durer jusqu\u2019\u00e0 la fin de l\u2019ann\u00e9e\u00a0!<\/a> est apparu en premier sur <a href=\"http:\/\/www.tunisienumerique.com\/\">Tunisie<\/a>.<\/p>\n<\/div>\n<p>Auteur: LM<br \/>\n<a href=\"https:\/\/www.tunisienumerique.com\/tunisie-les-salaires-verses-avec-une-semaine-de-retard-ca-va-durer-jusqua-la-fin-de-lannee\/\">Cliquez ici pour lire l&rsquo;article depuis sa source.<\/a><\/p>\n","protected":false},"excerpt":{"rendered":"<p>Des sources aupr\u00e8s du minist\u00e8re des finances et de l\u2019\u00e9conomie ont assur\u00e9 que l\u2019Etat a vers\u00e9 les salaires de tous ses fonctionnaires, avec une semaine de retard. Les m\u00eames sources ont assur\u00e9 que cette proc\u00e9dure est l\u00e9gale, et qu\u2019elle va perdurer jusqu\u2019\u00e0 la fin de l\u2019ann\u00e9e, et servira \u00e0 aider le gouvernement \u00e0 se ressaisir [&hellip;]<\/p>\n","protected":false},"author":1789,"featured_media":0,"comment_status":"closed","ping_status":"closed","sticky":false,"template":"","format":"standard","meta":{"fifu_image_url":"","fifu_image_alt":"","footnotes":""},"categories":[73,55],"tags":[],"class_list":["post-122738","post","type-post","status-publish","format-standard","hentry","category-actualite","category-tunisie"],"_links":{"self":[{"href":"https:\/\/linitiative.ca\/International\/wp-json\/wp\/v2\/posts\/122738","targetHints":{"allow":["GET"]}}],"collection":[{"href":"https:\/\/linitiative.ca\/International\/wp-json\/wp\/v2\/posts"}],"about":[{"href":"https:\/\/linitiative.ca\/International\/wp-json\/wp\/v2\/types\/post"}],"author":[{"embeddable":true,"href":"https:\/\/linitiative.ca\/International\/wp-json\/wp\/v2\/users\/1789"}],"replies":[{"embeddable":true,"href":"https:\/\/linitiative.ca\/International\/wp-json\/wp\/v2\/comments?post=122738"}],"version-history":[{"count":0,"href":"https:\/\/linitiative.ca\/International\/wp-json\/wp\/v2\/posts\/122738\/revisions"}],"wp:attachment":[{"href":"https:\/\/linitiative.ca\/International\/wp-json\/wp\/v2\/media?parent=122738"}],"wp:term":[{"taxonomy":"category","embeddable":true,"href":"https:\/\/linitiative.ca\/International\/wp-json\/wp\/v2\/categories?post=122738"},{"taxonomy":"post_tag","embeddable":true,"href":"https:\/\/linitiative.ca\/International\/wp-json\/wp\/v2\/tags?post=122738"}],"curies":[{"name":"wp","href":"https:\/\/api.w.org\/{rel}","templated":true}]}}