{"id":122739,"date":"2021-07-29T15:52:53","date_gmt":"2021-07-29T19:52:53","guid":{"rendered":"https:\/\/linitiative.ca\/International\/tunisie-le-conseil-presidentiel-et-le-gouvernement-dunion-nationale-libyens-soutiennent-kais-saied\/"},"modified":"2021-07-29T15:52:53","modified_gmt":"2021-07-29T19:52:53","slug":"tunisie-le-conseil-presidentiel-et-le-gouvernement-dunion-nationale-libyens-soutiennent-kais-saied","status":"publish","type":"post","link":"https:\/\/linitiative.ca\/International\/tunisie-le-conseil-presidentiel-et-le-gouvernement-dunion-nationale-libyens-soutiennent-kais-saied\/","title":{"rendered":"Tunisie \u2013 Le conseil pr\u00e9sidentiel et le gouvernement d\u2019union nationale libyens soutiennent Ka\u00efs Sa\u00efed"},"content":{"rendered":"<div>\n<p>Le pr\u00e9sident de la R\u00e9publique, Ka\u00efs Sa\u00efed, a re\u00e7u, ce jeudi, au palais de Carthage, le vice pr\u00e9sident du conseil pr\u00e9sidentiel libyen, Abdallah Ellafi, qui a annonc\u00e9, apr\u00e8s l\u2019entretien que le conseil pr\u00e9sidentiel et le gouvernement d\u2019union nationale libyens soutiennent totalement, le pr\u00e9sident tunisien Ka\u00efs Sa\u00efed, dans ses d\u00e9cisions, assurant que les d\u00e9clarations faites par [\u2026]<\/p>\n<p>L\u2019article <a href=\"https:\/\/www.tunisienumerique.com\/tunisie-le-conseil-presidentiel-et-le-gouvernement-dunion-nationale-libyens-soutiennent-kais-saied\/\">Tunisie \u2013 Le conseil pr\u00e9sidentiel et le gouvernement d\u2019union nationale libyens soutiennent Ka\u00efs Sa\u00efed<\/a> est apparu en premier sur <a href=\"http:\/\/www.tunisienumerique.com\/\">Tunisie<\/a>.<\/p>\n<\/div>\n<p>Auteur: LM<br \/>\n<a href=\"https:\/\/www.tunisienumerique.com\/tunisie-le-conseil-presidentiel-et-le-gouvernement-dunion-nationale-libyens-soutiennent-kais-saied\/\">Cliquez ici pour lire l&rsquo;article depuis sa source.<\/a><\/p>\n","protected":false},"excerpt":{"rendered":"<p>Le pr\u00e9sident de la R\u00e9publique, Ka\u00efs Sa\u00efed, a re\u00e7u, ce jeudi, au palais de Carthage, le vice pr\u00e9sident du conseil pr\u00e9sidentiel libyen, Abdallah Ellafi, qui a annonc\u00e9, apr\u00e8s l\u2019entretien que le conseil pr\u00e9sidentiel et le gouvernement d\u2019union nationale libyens soutiennent totalement, le pr\u00e9sident tunisien Ka\u00efs Sa\u00efed, dans ses d\u00e9cisions, assurant que les d\u00e9clarations faites par [&hellip;]<\/p>\n","protected":false},"author":1789,"featured_media":0,"comment_status":"closed","ping_status":"closed","sticky":false,"template":"","format":"standard","meta":{"fifu_image_url":"","fifu_image_alt":"","footnotes":""},"categories":[73,55],"tags":[],"class_list":["post-122739","post","type-post","status-publish","format-standard","hentry","category-actualite","category-tunisie"],"_links":{"self":[{"href":"https:\/\/linitiative.ca\/International\/wp-json\/wp\/v2\/posts\/122739","targetHints":{"allow":["GET"]}}],"collection":[{"href":"https:\/\/linitiative.ca\/International\/wp-json\/wp\/v2\/posts"}],"about":[{"href":"https:\/\/linitiative.ca\/International\/wp-json\/wp\/v2\/types\/post"}],"author":[{"embeddable":true,"href":"https:\/\/linitiative.ca\/International\/wp-json\/wp\/v2\/users\/1789"}],"replies":[{"embeddable":true,"href":"https:\/\/linitiative.ca\/International\/wp-json\/wp\/v2\/comments?post=122739"}],"version-history":[{"count":0,"href":"https:\/\/linitiative.ca\/International\/wp-json\/wp\/v2\/posts\/122739\/revisions"}],"wp:attachment":[{"href":"https:\/\/linitiative.ca\/International\/wp-json\/wp\/v2\/media?parent=122739"}],"wp:term":[{"taxonomy":"category","embeddable":true,"href":"https:\/\/linitiative.ca\/International\/wp-json\/wp\/v2\/categories?post=122739"},{"taxonomy":"post_tag","embeddable":true,"href":"https:\/\/linitiative.ca\/International\/wp-json\/wp\/v2\/tags?post=122739"}],"curies":[{"name":"wp","href":"https:\/\/api.w.org\/{rel}","templated":true}]}}