{"id":122740,"date":"2021-07-29T16:41:47","date_gmt":"2021-07-29T20:41:47","guid":{"rendered":"https:\/\/linitiative.ca\/International\/officiel-article-80-suspension-des-competences-de-larp\/"},"modified":"2021-07-29T16:41:47","modified_gmt":"2021-07-29T20:41:47","slug":"officiel-article-80-suspension-des-competences-de-larp","status":"publish","type":"post","link":"https:\/\/linitiative.ca\/International\/officiel-article-80-suspension-des-competences-de-larp\/","title":{"rendered":"Officiel-Article 80 : Suspension des comp\u00e9tences de l\u2019ARP"},"content":{"rendered":"<div>\n<p>Vu la Constitution, notamment son article n\u00b080, le pr\u00e9sident de la R\u00e9publique a \u00e9mis le d\u00e9cret pr\u00e9sidentiel n\u00b080 dont la teneur suit: Article premier : Sont suspendues toutes les comp\u00e9tences de l\u2019Assembl\u00e9e des Repr\u00e9sentants du Peuple pendant un mois \u00e0 compter du 25 juillet 2021. Le d\u00e9lai pr\u00e9vu peut \u00eatre prorog\u00e9 en vertu d\u2019un d\u00e9cret [\u2026]<\/p>\n<p>L\u2019article <a href=\"https:\/\/www.tunisienumerique.com\/officiel-article-80-suspension-des-competences-de-larp\/\">Officiel-Article 80 : Suspension des comp\u00e9tences de l\u2019ARP<\/a> est apparu en premier sur <a href=\"http:\/\/www.tunisienumerique.com\/\">Tunisie<\/a>.<\/p>\n<\/div>\n<p>Auteur: rania ben slimane<br \/>\n<a href=\"https:\/\/www.tunisienumerique.com\/officiel-article-80-suspension-des-competences-de-larp\/\">Cliquez ici pour lire l&rsquo;article depuis sa source.<\/a><\/p>\n","protected":false},"excerpt":{"rendered":"<p>Vu la Constitution, notamment son article n\u00b080, le pr\u00e9sident de la R\u00e9publique a \u00e9mis le d\u00e9cret pr\u00e9sidentiel n\u00b080 dont la teneur suit: Article premier : Sont suspendues toutes les comp\u00e9tences de l\u2019Assembl\u00e9e des Repr\u00e9sentants du Peuple pendant un mois \u00e0 compter du 25 juillet 2021. Le d\u00e9lai pr\u00e9vu peut \u00eatre prorog\u00e9 en vertu d\u2019un d\u00e9cret [&hellip;]<\/p>\n","protected":false},"author":1789,"featured_media":0,"comment_status":"closed","ping_status":"closed","sticky":false,"template":"","format":"standard","meta":{"fifu_image_url":"","fifu_image_alt":"","footnotes":""},"categories":[73,55],"tags":[],"class_list":["post-122740","post","type-post","status-publish","format-standard","hentry","category-actualite","category-tunisie"],"_links":{"self":[{"href":"https:\/\/linitiative.ca\/International\/wp-json\/wp\/v2\/posts\/122740","targetHints":{"allow":["GET"]}}],"collection":[{"href":"https:\/\/linitiative.ca\/International\/wp-json\/wp\/v2\/posts"}],"about":[{"href":"https:\/\/linitiative.ca\/International\/wp-json\/wp\/v2\/types\/post"}],"author":[{"embeddable":true,"href":"https:\/\/linitiative.ca\/International\/wp-json\/wp\/v2\/users\/1789"}],"replies":[{"embeddable":true,"href":"https:\/\/linitiative.ca\/International\/wp-json\/wp\/v2\/comments?post=122740"}],"version-history":[{"count":0,"href":"https:\/\/linitiative.ca\/International\/wp-json\/wp\/v2\/posts\/122740\/revisions"}],"wp:attachment":[{"href":"https:\/\/linitiative.ca\/International\/wp-json\/wp\/v2\/media?parent=122740"}],"wp:term":[{"taxonomy":"category","embeddable":true,"href":"https:\/\/linitiative.ca\/International\/wp-json\/wp\/v2\/categories?post=122740"},{"taxonomy":"post_tag","embeddable":true,"href":"https:\/\/linitiative.ca\/International\/wp-json\/wp\/v2\/tags?post=122740"}],"curies":[{"name":"wp","href":"https:\/\/api.w.org\/{rel}","templated":true}]}}