{"id":122743,"date":"2021-07-29T16:53:40","date_gmt":"2021-07-29T20:53:40","guid":{"rendered":"https:\/\/linitiative.ca\/International\/inculpation-de-moussa-diawara-dans-laffaire-du-journaliste-birama-toure\/"},"modified":"2021-07-29T16:53:40","modified_gmt":"2021-07-29T20:53:40","slug":"inculpation-de-moussa-diawara-dans-laffaire-du-journaliste-birama-toure","status":"publish","type":"post","link":"https:\/\/linitiative.ca\/International\/inculpation-de-moussa-diawara-dans-laffaire-du-journaliste-birama-toure\/","title":{"rendered":"INCULPATION DE MOUSSA DIAWARA DANS L\u2019AFFAIRE DU JOURNALISTE BIRAMA TOURE  \u00a0"},"content":{"rendered":"<div>\n<p><img decoding=\"async\" width=\"301\" height=\"167\" src=\"https:\/\/linitiative.ca\/International\/wp-content\/uploads\/sites\/23\/2021\/07\/Moussa.jpg\" class=\"attachment- size- wp-post-image\" alt=\"\" loading=\"lazy\" style=\"float:left; margin:0 15px 15px 0;\">L\u2019affaire du journaliste malien Birama Tour\u00e9, vient de conna\u00eetre un rebondissement avec l\u2019inculpation et le placement sous mandat de d\u00e9p\u00f4t, du g\u00e9n\u00e9ral Moussa Diawara, ancien directeur des services de renseignements du Mali, pour \u00ab complicit\u00e9 d\u2019enl\u00e8vement, de s\u00e9questration, de tortures \u00bb.\u00a0 S\u2019achemine-t-on vers la lumi\u00e8re\u00a0? C\u2019est peut-\u00eatre trop t\u00f4t de l\u2019affirmer car l\u2019inculp\u00e9 b\u00e9n\u00e9ficie pour \u2026<\/p>\n<p>L\u2019article <a rel=\"nofollow\" href=\"https:\/\/lepays.bf\/inculpation-de-moussa-diawara-dans-laffaire-du-journaliste-birama-toure\/\">INCULPATION DE MOUSSA DIAWARA DANS L\u2019AFFAIRE DU JOURNALISTE BIRAMA TOURE  \u00a0<\/a> est apparu en premier sur <a rel=\"nofollow\" href=\"https:\/\/lepays.bf\/\">Editions Le Pays<\/a>.<\/p>\n<\/div>\n<p>Auteur: Editions LEPAYS<br \/>\n<a href=\"https:\/\/lepays.bf\/inculpation-de-moussa-diawara-dans-laffaire-du-journaliste-birama-toure\/\">Cliquez ici pour lire l&rsquo;article depuis sa source.<\/a><\/p>\n","protected":false},"excerpt":{"rendered":"<p>L\u2019affaire du journaliste malien Birama Tour\u00e9, vient de conna\u00eetre un rebondissement avec l\u2019inculpation et le placement sous mandat de d\u00e9p\u00f4t, du g\u00e9n\u00e9ral Moussa Diawara, ancien directeur des services de renseignements du Mali, pour \u00ab complicit\u00e9 d\u2019enl\u00e8vement, de s\u00e9questration, de tortures \u00bb.\u00a0 S\u2019achemine-t-on vers la lumi\u00e8re\u00a0? C\u2019est peut-\u00eatre trop t\u00f4t de l\u2019affirmer car l\u2019inculp\u00e9 b\u00e9n\u00e9ficie pour [&hellip;]<\/p>\n","protected":false},"author":1813,"featured_media":0,"comment_status":"closed","ping_status":"closed","sticky":false,"template":"","format":"standard","meta":{"fifu_image_url":"https:\/\/lepays.bf\/wp-content\/uploads\/2021\/07\/Moussa.jpg","fifu_image_alt":"INCULPATION DE MOUSSA DIAWARA DANS L\u2019AFFAIRE DU JOURNALISTE BIRAMA TOURE  \u00a0","footnotes":""},"categories":[73,81],"tags":[],"class_list":["post-122743","post","type-post","status-publish","format-standard","hentry","category-actualite","category-burkina-faso"],"_links":{"self":[{"href":"https:\/\/linitiative.ca\/International\/wp-json\/wp\/v2\/posts\/122743","targetHints":{"allow":["GET"]}}],"collection":[{"href":"https:\/\/linitiative.ca\/International\/wp-json\/wp\/v2\/posts"}],"about":[{"href":"https:\/\/linitiative.ca\/International\/wp-json\/wp\/v2\/types\/post"}],"author":[{"embeddable":true,"href":"https:\/\/linitiative.ca\/International\/wp-json\/wp\/v2\/users\/1813"}],"replies":[{"embeddable":true,"href":"https:\/\/linitiative.ca\/International\/wp-json\/wp\/v2\/comments?post=122743"}],"version-history":[{"count":0,"href":"https:\/\/linitiative.ca\/International\/wp-json\/wp\/v2\/posts\/122743\/revisions"}],"wp:attachment":[{"href":"https:\/\/linitiative.ca\/International\/wp-json\/wp\/v2\/media?parent=122743"}],"wp:term":[{"taxonomy":"category","embeddable":true,"href":"https:\/\/linitiative.ca\/International\/wp-json\/wp\/v2\/categories?post=122743"},{"taxonomy":"post_tag","embeddable":true,"href":"https:\/\/linitiative.ca\/International\/wp-json\/wp\/v2\/tags?post=122743"}],"curies":[{"name":"wp","href":"https:\/\/api.w.org\/{rel}","templated":true}]}}