{"id":122746,"date":"2021-07-29T07:50:11","date_gmt":"2021-07-29T11:50:11","guid":{"rendered":"https:\/\/linitiative.ca\/International\/lutte-contre-le-terrorisme-le-president-du-faso-reprend-du-poil-de-la-bete\/"},"modified":"2021-07-29T07:50:11","modified_gmt":"2021-07-29T11:50:11","slug":"lutte-contre-le-terrorisme-le-president-du-faso-reprend-du-poil-de-la-bete","status":"publish","type":"post","link":"https:\/\/linitiative.ca\/International\/lutte-contre-le-terrorisme-le-president-du-faso-reprend-du-poil-de-la-bete\/","title":{"rendered":"Lutte contre le terrorisme : Le pr\u00e9sident du Faso reprend du poil de la b\u00eate"},"content":{"rendered":"<div>\n<p>L\u2019entr\u00e9e en lice dans la bataille anti-terroriste du pr\u00e9sident du Faso, Roch Marc Christian Kabor\u00e9, en tant que ministre de la D\u00e9fense nationale et des anciens combattants, est tonitruante et v\u00e9ritablement sans piti\u00e9. Et \u00e9claircit l\u2019horizon de l\u2019avenir s\u00e9curitaire du pays nagu\u00e8re orageux avec les innombrables attaques terroristes meurtri\u00e8res, notamment les h\u00e9catombes enregistr\u00e9es avec l\u2019attaque de Solhan et celle sur l\u2019axe Foub\u00e9-Barsalogho qui ont respectivement fait plus de 130 et 11 morts. En effet, depuis le remaniement minist\u00e9riel intervenu le 30 juin 2021 et \u00e0 la suite duquel le pr\u00e9sident du Faso arbore lui-m\u00eame le costume de ministre de la D\u00e9fense, les estocades port\u00e9es \u00e0 la vermine terroriste se multiplient avec des moyens technologiques sophistiqu\u00e9s qui \u00e9taient r\u00e9clam\u00e9s \u00e0 cor et \u00e0 cri par les populations depuis des lustres. Op\u00e9ration orgue de Staline avec artillerie lourde, pilonnage de bases terroristes avec des tirs nourris sur l\u2019axe Foub\u00e9 et \u00e0 Madou dans la province du Sanmatenga ainsi que dans la province du Loroum, neutralisation de terroristes \u00e0 Mangodara et \u00e0 Nahi Mossi dans la commune de Pensa, destruction de bases terroristes dans le Loroum dans les for\u00eats de Toulf\u00e9 et de Tougri Bouli par les unit\u00e9s du 12<sup>e<\/sup> RIC, op\u00e9ration r\u00e9ussie \u00e0 Pempedi dans les environs de Tanwalbougou, parc national Kabor\u00e9 Tambi purifi\u00e9, une centaine de patrouilles pour s\u00e9curiser les travaux d\u2019installation du Backbone \u00e0 l\u2019Est et les travaux de bitumage de la route Dori-Gorom Gorom sans oublier le transport des sujets d\u2019examen\u00a0; mission mixte \u00e0 Dablo compos\u00e9e de l\u2019Arm\u00e9e de terre, de la gendarmerie et de la police\u00a0; retraits d\u2019armes, de munitions et de mat\u00e9riels de campement\u00a0; d\u00e9bandade des terroristes \u00e0 Tankouala dans la Komandjari, etc.<\/p>\n<p>Cerise sur le g\u00e2teau, l\u2019apparente forteresse imprenable que repr\u00e9sentait Madjoari mise sous embargo terroriste, est en train de fondre comme du beure suite aux assauts r\u00e9p\u00e9t\u00e9s de l\u2019aviation militaire qui a donn\u00e9 du fil \u00e0 retordre aux fous d\u2019Allah contraints de fuir leur g\u00eete en direction du B\u00e9nin, du Niger et du Nigeria. Ce, \u00e0 travers l\u2019op\u00e9ration \u00e9pervier qui a permis aux h\u00e9licopt\u00e8res du pays de survoler le ciel de Madjoari et de Pama, de nuit comme de jour, pour \u00e9crabouiller les terroristes et organiser leur messe de requiem. C\u2019est dire que depuis que le pr\u00e9sident du Faso chapeaute le minist\u00e8re de la D\u00e9fense, partout o\u00f9 les Forces de d\u00e9fense et de s\u00e9curit\u00e9 (FDS) passent, les terroristes tr\u00e9passent. Pour un grand chelem (suite ininterrompue de victoires) \u00e0 mettre \u00e0 l\u2019actif du pr\u00e9sident du Faso, c\u2019en est v\u00e9ritablement un. Ces faits d\u2019armes qui donnent une lueur d\u2019espoir quant \u00e0 l\u2019avenir s\u00e9curitaire du pays et qui sont \u00e0 mettre en partie sur le compte de l\u2019efficacit\u00e9 des forces sp\u00e9ciales, ach\u00e8vent de convaincre que le pr\u00e9sident du Faso avait vu juste en proc\u00e9dant \u00e0 la suite de l\u2019attaque de Solhan, \u00e0 la cr\u00e9ation de celles-ci dont l\u2019utilit\u00e9 sur le terrain s\u2019av\u00e8re d\u00e9j\u00e0 pr\u00e9cieuse.<\/p>\n<p><strong>La revanche de l\u2019enfant de Tuir\u00e9<\/strong><\/p>\n<p>C\u2019est \u00e0 croire qu\u2019apr\u00e8s le d\u00e9barquement du gouvernement de l\u2019ex ministre de la S\u00e9curit\u00e9, Ousseini Compaor\u00e9, qui disait que les h\u00e9licopt\u00e8res ne sont pas suffisamment \u00e9quip\u00e9s pour voler la nuit, le pr\u00e9sident Kabor\u00e9 a depuis lors mis les bouch\u00e9es doubles en dotant les FDS notamment les forces sp\u00e9ciales d\u2019\u00e9quipements de derni\u00e8re g\u00e9n\u00e9ration capables de casser du terroriste en un temps record. En l\u2019espace d\u2019un mois seulement, le triumvirat de l\u2019Ex\u00e9cutif du pays charg\u00e9 d\u2019assurer la s\u00e9curit\u00e9 des Burkinab\u00e8 et compos\u00e9 du pr\u00e9sident Kabor\u00e9 (ministre de la D\u00e9fense), du colonel-major Barth\u00e9l\u00e9my Simpor\u00e9 (ministre d\u00e9l\u00e9gu\u00e9 charg\u00e9 de la D\u00e9fense) et de Maxime Kon\u00e9 (ministre de la S\u00e9curit\u00e9), engrange ses premiers succ\u00e8s qui viennent cadenasser la bouche de ceux qui \u00ab\u00a0croassaient\u00a0\u00bb nagu\u00e8re que le pr\u00e9sident Kabor\u00e9 est un pr\u00e9sident diesel. C\u2019est une v\u00e9ritable revanche pour l\u2019enfant de Tuir\u00e9 qui montre l\u00e0, conform\u00e9ment \u00e0 son discours \u00e0 la Nation prononc\u00e9 le 27 juin dernier, que l\u2019heure est \u00e0 l\u2019action et qu\u2019il est vraiment d\u00e9termin\u00e9 \u00e0 r\u00e9tablir la confiance \u00e0 lui accord\u00e9e par le peuple\u00a0; confiance dont le tissu avait commenc\u00e9 \u00e0 s\u2019effilocher avec la recrudescence des attaques terroristes. Le ton avait \u00e9t\u00e9 donn\u00e9 d\u2019ailleurs dans ce sens lorsqu\u2019apr\u00e8s avoir pris lui-m\u00eame la direction du minist\u00e8re de la D\u00e9fense, le pr\u00e9sident a aussit\u00f4t concert\u00e9 les officiers et les sous-officiers. Si rien n\u2019avait filtr\u00e9 de ces rencontres, puisque le pr\u00e9sident pr\u00e9f\u00e8re les actions que les paroles, alors le r\u00e9sultat sur le terrain vient montrer que ces concertations ont permis au pr\u00e9sident de faire le diagnostic des goulots d\u2019\u00e9tranglement au sein des FDS et d\u2019y rem\u00e9dier.<\/p>\n<p>C\u2019est \u00e0 l\u2019honneur du triumvirat sus-cit\u00e9 et de l\u2019arm\u00e9e \u00e0 qui le pr\u00e9sident du Faso avait martel\u00e9 ceci\u00a0: \u00ab\u00a0<em>Je veux du r\u00e9sultat<\/em>\u00a0\u00bb. L\u2019injonction \u00e0 la fois pr\u00e9sidentielle et minist\u00e9rielle a apparemment \u00e9t\u00e9 suivie \u00e0 la lettre. Et pour l\u2019une des rares fois dans la lutte engag\u00e9e par le Burkina Faso contre la b\u00eate immonde, des terroristes accul\u00e9s par les FDS ont fini par s\u2019auto-d\u00e9chiqueter sur l\u2019axe Titao-Djibo et aux environs d\u2019Arbinda en faisant sauter leurs propres engins explosifs. De quoi apporter du baume au c\u0153ur de tous les patriotes qui, de Titao \u00e0 Kaya en passant par Ouaga, Bobo et Kelbo, ont march\u00e9 pour demander plus de s\u00e9curit\u00e9 pour les populations. Comme quoi, le pr\u00e9sident du Faso a repris du poil de la b\u00eate dans cette lutte contre l\u2019hydre terroriste et on n\u2019a pas besoin d\u2019\u00eatre un grand clerc pour comprendre que son r\u00e9cent casting pour le remaniement minist\u00e9riel est judicieux eu \u00e9gard au bilan salutaire d\u2019un mois d\u2019action.<\/p>\n<p>Maintenant, il reste \u00e0 esp\u00e9rer que cette cadence s\u2019inscrive dans la dur\u00e9e pour que les terroristes continuent d\u2019avaler des poires d\u2019angoisse et que les populations d\u00e9plac\u00e9es puissent regagner leurs domiciles respectifs. Ce, d\u2019autant plus qu\u2019au m\u00eame moment, apr\u00e8s irruption dans des centres de sant\u00e9 pour menacer des agents de sant\u00e9 dont certains furent ligot\u00e9s, les terroristes ont fait fermer les centres de sant\u00e9 et de promotion sociale \u00e0 Kimini \u00e0 Niangoloko, \u00e0 Helinka dans la province du Poni, \u00e0 Tankougounadie dans la province du Yagha. C\u2019est dire si les terroristes encore en vie, changent tout simplement de repaire apr\u00e8s les tirs sporadiques des FDS qui les ont d\u00e9log\u00e9s de leurs anciens repaires. Aussi, \u00e0 ce que l\u2019on dit, Mansila serait sous embargo terroriste depuis des mois avec 6\u00a0051 personnes d\u00e9plac\u00e9es dans l\u2019attente de soutien humanitaire. Le maillage du territoire national par les FDS se doit donc d\u2019\u00eatre permanent pour \u00e9viter le retour des terroristes dans les zones o\u00f9 ils furent d\u00e9log\u00e9s et \u00e9ventuellement les d\u00e9loger dans leurs actuels repaires. La bataille semble donc gagn\u00e9e \u00e0 minima dans certaines r\u00e9gions du pays mais pas la guerre contre l\u2019hydre terroriste elle-m\u00eame. Et le pr\u00e9sident du Faso doit mieux le savoir que quiconque.<\/p>\n<p><strong>Cbs l\u2019iconoclaste<\/strong><\/p>\n<p><strong>L\u2019\u00e9crivain chroniqueur <\/strong><\/p>\n<p>L\u2019article <a rel=\"nofollow\" href=\"https:\/\/www.sidwaya.info\/blog\/2021\/07\/29\/lutte-contre-le-terrorisme-le-president-du-faso-reprend-du-poil-de-la-bete\/\">Lutte contre le terrorisme : Le pr\u00e9sident du Faso reprend du poil de la b\u00eate<\/a> est apparu en premier sur <a rel=\"nofollow\" href=\"https:\/\/www.sidwaya.info\/\">Quotidien Sidwaya<\/a>.<\/p>\n<\/div>\n<p>Auteur: Wamini SIDWAYA<br \/>\n<a href=\"https:\/\/www.sidwaya.info\/blog\/2021\/07\/29\/lutte-contre-le-terrorisme-le-president-du-faso-reprend-du-poil-de-la-bete\/\">Cliquez ici pour lire l&rsquo;article depuis sa source.<\/a><\/p>\n","protected":false},"excerpt":{"rendered":"<p>L\u2019entr\u00e9e en lice dans la bataille anti-terroriste du pr\u00e9sident du Faso, Roch Marc Christian Kabor\u00e9, en tant que ministre de la D\u00e9fense nationale et des anciens combattants, est tonitruante et v\u00e9ritablement sans piti\u00e9. Et \u00e9claircit l\u2019horizon de l\u2019avenir s\u00e9curitaire du pays nagu\u00e8re orageux avec les innombrables attaques terroristes meurtri\u00e8res, notamment les h\u00e9catombes enregistr\u00e9es avec l\u2019attaque [&hellip;]<\/p>\n","protected":false},"author":1816,"featured_media":0,"comment_status":"closed","ping_status":"closed","sticky":false,"template":"","format":"standard","meta":{"fifu_image_url":"","fifu_image_alt":"","footnotes":""},"categories":[73,81],"tags":[],"class_list":["post-122746","post","type-post","status-publish","format-standard","hentry","category-actualite","category-burkina-faso"],"_links":{"self":[{"href":"https:\/\/linitiative.ca\/International\/wp-json\/wp\/v2\/posts\/122746","targetHints":{"allow":["GET"]}}],"collection":[{"href":"https:\/\/linitiative.ca\/International\/wp-json\/wp\/v2\/posts"}],"about":[{"href":"https:\/\/linitiative.ca\/International\/wp-json\/wp\/v2\/types\/post"}],"author":[{"embeddable":true,"href":"https:\/\/linitiative.ca\/International\/wp-json\/wp\/v2\/users\/1816"}],"replies":[{"embeddable":true,"href":"https:\/\/linitiative.ca\/International\/wp-json\/wp\/v2\/comments?post=122746"}],"version-history":[{"count":0,"href":"https:\/\/linitiative.ca\/International\/wp-json\/wp\/v2\/posts\/122746\/revisions"}],"wp:attachment":[{"href":"https:\/\/linitiative.ca\/International\/wp-json\/wp\/v2\/media?parent=122746"}],"wp:term":[{"taxonomy":"category","embeddable":true,"href":"https:\/\/linitiative.ca\/International\/wp-json\/wp\/v2\/categories?post=122746"},{"taxonomy":"post_tag","embeddable":true,"href":"https:\/\/linitiative.ca\/International\/wp-json\/wp\/v2\/tags?post=122746"}],"curies":[{"name":"wp","href":"https:\/\/api.w.org\/{rel}","templated":true}]}}