{"id":122747,"date":"2021-07-29T10:31:00","date_gmt":"2021-07-29T14:31:00","guid":{"rendered":"https:\/\/linitiative.ca\/International\/9e-tac-rapport-du-conseil-conjoint-de-gouvernement-exemplaire\/"},"modified":"2021-07-29T10:31:00","modified_gmt":"2021-07-29T14:31:00","slug":"9e-tac-rapport-du-conseil-conjoint-de-gouvernement-exemplaire","status":"publish","type":"post","link":"https:\/\/linitiative.ca\/International\/9e-tac-rapport-du-conseil-conjoint-de-gouvernement-exemplaire\/","title":{"rendered":"9e TAC: Rapport du conseil conjoint de gouvernement  Exemplaire"},"content":{"rendered":"<div>\n<p>Rapport du conseil conjoint de gouvernement de la neuvi\u00e8me conf\u00e9rence du sommet du Trait\u00e9 d\u2019Amiti\u00e9 et de coop\u00e9ration entre la r\u00e9publique de la C\u00f4te d\u2019Ivoire et le Burkina Faso.<\/p>\n<p><a href=\"https:\/\/www.sidwaya.info\/wp-content\/uploads\/2021\/07\/rapport-du-conseil-conjoint-de-gouvernement-de-la-9eme-conference-au-sommet-du-TAC-entre-la-RCI-et-BF.pdf\">rapport du conseil conjoint de gouvernement de la 9eme conf\u00e9rence au sommet du TAC entre la RCI et BF<\/a><\/p>\n<p>L\u2019article <a rel=\"nofollow\" href=\"https:\/\/www.sidwaya.info\/blog\/2021\/07\/29\/9e-tac-rapport-du-conseil-conjoint-de-gouvernement-copy\/\">9e TAC: Rapport du conseil conjoint de gouvernement  Exemplaire<\/a> est apparu en premier sur <a rel=\"nofollow\" href=\"https:\/\/www.sidwaya.info\/\">Quotidien Sidwaya<\/a>.<\/p>\n<\/div>\n<p>Auteur: JK. Sidwaya<br \/>\n<a href=\"https:\/\/www.sidwaya.info\/blog\/2021\/07\/29\/9e-tac-rapport-du-conseil-conjoint-de-gouvernement-copy\/\">Cliquez ici pour lire l&rsquo;article depuis sa source.<\/a><\/p>\n","protected":false},"excerpt":{"rendered":"<p>Rapport du conseil conjoint de gouvernement de la neuvi\u00e8me conf\u00e9rence du sommet du Trait\u00e9 d\u2019Amiti\u00e9 et de coop\u00e9ration entre la r\u00e9publique de la C\u00f4te d\u2019Ivoire et le Burkina Faso. rapport du conseil conjoint de gouvernement de la 9eme conf\u00e9rence au sommet du TAC entre la RCI et BF L\u2019article 9e TAC: Rapport du conseil conjoint [&hellip;]<\/p>\n","protected":false},"author":1816,"featured_media":0,"comment_status":"closed","ping_status":"closed","sticky":false,"template":"","format":"standard","meta":{"fifu_image_url":"","fifu_image_alt":"","footnotes":""},"categories":[73,81],"tags":[],"class_list":["post-122747","post","type-post","status-publish","format-standard","hentry","category-actualite","category-burkina-faso"],"_links":{"self":[{"href":"https:\/\/linitiative.ca\/International\/wp-json\/wp\/v2\/posts\/122747","targetHints":{"allow":["GET"]}}],"collection":[{"href":"https:\/\/linitiative.ca\/International\/wp-json\/wp\/v2\/posts"}],"about":[{"href":"https:\/\/linitiative.ca\/International\/wp-json\/wp\/v2\/types\/post"}],"author":[{"embeddable":true,"href":"https:\/\/linitiative.ca\/International\/wp-json\/wp\/v2\/users\/1816"}],"replies":[{"embeddable":true,"href":"https:\/\/linitiative.ca\/International\/wp-json\/wp\/v2\/comments?post=122747"}],"version-history":[{"count":0,"href":"https:\/\/linitiative.ca\/International\/wp-json\/wp\/v2\/posts\/122747\/revisions"}],"wp:attachment":[{"href":"https:\/\/linitiative.ca\/International\/wp-json\/wp\/v2\/media?parent=122747"}],"wp:term":[{"taxonomy":"category","embeddable":true,"href":"https:\/\/linitiative.ca\/International\/wp-json\/wp\/v2\/categories?post=122747"},{"taxonomy":"post_tag","embeddable":true,"href":"https:\/\/linitiative.ca\/International\/wp-json\/wp\/v2\/tags?post=122747"}],"curies":[{"name":"wp","href":"https:\/\/api.w.org\/{rel}","templated":true}]}}