{"id":122748,"date":"2021-07-29T11:23:38","date_gmt":"2021-07-29T15:23:38","guid":{"rendered":"https:\/\/linitiative.ca\/International\/le-maroc-commemore-ce-30-juillet-le-22eme-anniversaire-de-laccession-de-sa-majeste-le-roi-mohammed-vi-au-trone-de-ses-glorieux-ancetres\/"},"modified":"2021-07-29T11:23:38","modified_gmt":"2021-07-29T15:23:38","slug":"le-maroc-commemore-ce-30-juillet-le-22eme-anniversaire-de-laccession-de-sa-majeste-le-roi-mohammed-vi-au-trone-de-ses-glorieux-ancetres","status":"publish","type":"post","link":"https:\/\/linitiative.ca\/International\/le-maroc-commemore-ce-30-juillet-le-22eme-anniversaire-de-laccession-de-sa-majeste-le-roi-mohammed-vi-au-trone-de-ses-glorieux-ancetres\/","title":{"rendered":"Le Maroc comm\u00e9more ce 30 juillet, le 22\u00e8me \u00a0anniversaire de l\u2019accession de Sa Majest\u00e9 le Roi Mohammed VI, au tr\u00f4ne de ses glorieux anc\u00eatres"},"content":{"rendered":"<div>\n<p><strong>La f\u00eate du tr\u00f4ne constitue un moment privil\u00e9gi\u00e9 pour renouveler la parfaite communion entre le peuple marocain et la monarchie ayant pour fondement la l\u00e9gitim\u00e9 historique et populaire. Durant ces 22 derni\u00e8res ann\u00e9es, le Maroc a poursuivi avec s\u00e9r\u00e9nit\u00e9 et confiance son processus de d\u00e9veloppement, en faisant de l\u2019int\u00e9gration du Continent Africain l\u2019un des fondamentaux de sa politique \u00e9trang\u00e8re. Les relations bilat\u00e9rale Maroc \u2013 Burkina Faso sont excellentes et s\u2019inscrivent dans le cadre de cette vision holistique qui puisent ses fondements dans la solidit\u00e9 des rapports entre les deux Chefs d\u2019Etat Sa Majest\u00e9 le Roi Mohammed VI et Son Fr\u00e8re Son Excellence le Pr\u00e9sident Roch Marc Christian KABORE, et des liens privil\u00e9gi\u00e9s entre les deux peuples amis.<\/strong><\/p>\n<p><strong>\u00a0<\/strong>La F\u00eate du tr\u00f4ne marque cette ann\u00e9e le 22<sup>\u00e8me<\/sup> anniversaire de l\u2019accession de Sa Majest\u00e9 le Roi Mohammed VI, au Tr\u00f4ne de ses glorieux anc\u00eatres. Cette occasion constitue un moment privil\u00e9gi\u00e9 pour renouveler la parfaite communion entre le peuple marocain et la Monarchie Alaouite ayant pour fondement la l\u00e9gitim\u00e9 historique et populaire qui garantit l\u2019unit\u00e9 du Royaume, sa stabilit\u00e9, sa p\u00e9rennit\u00e9 ainsi que sa souverainet\u00e9 et son int\u00e9grit\u00e9 territoriale.<\/p>\n<p>Durant ces 22 derni\u00e8res ann\u00e9es, le Maroc a poursuivi avec s\u00e9r\u00e9nit\u00e9 et confiance son processus de d\u00e9veloppement, en faisant de l\u2019int\u00e9gration du Continent Africain l\u2019un des fondamentaux de sa politique \u00e9trang\u00e8re. A cet \u00e9gard, il \u0153uvre constamment en faveur de l\u2019\u00e9tablissement d\u2019un partenariat de r\u00e9f\u00e9rence et d\u2019une coop\u00e9ration Sud-Sud agissante et solidaire avec les pays africains fr\u00e8res, qui place l\u2019\u00e9l\u00e9ment humain au centre de ses pr\u00e9occupations.<\/p>\n<p>Cette ann\u00e9e, et prenant en consid\u00e9ration la poursuite des mesures pr\u00e9ventives impos\u00e9es par l\u2019\u00e9volution de la situation sanitaire au Maroc li\u00e9e \u00e0 la Covid-19, il a \u00e9t\u00e9 il a \u00e9t\u00e9 d\u00e9cid\u00e9 le report de toutes les activit\u00e9s, festivit\u00e9s et c\u00e9r\u00e9monies pr\u00e9vues \u00e0 cette l\u2019occasion.<\/p>\n<p>\u00a0<\/p>\n<table>\n<tbody>\n<tr>\n<td width=\"604\"><strong>Sa Majest\u00e9 le Roi Mohammed VI et Son Fr\u00e8re Son Excellence le Pr\u00e9sident Roch Marc Christian KABORE entretiennent des liens empreints d\u2019amiti\u00e9 sinc\u00e8re, d\u2019estime et de consid\u00e9ration mutuelles<\/strong><\/p>\n<p>\u00a0<\/p>\n<\/td>\n<\/tr>\n<\/tbody>\n<\/table>\n<p>\u00a0<\/p>\n<p>C\u2019est ainsi que dans son plan de riposte et de lutte anti-Covid 19, le Maroc a fait de l\u2019anticipation et de la protection de ses citoyens, le premier rem\u00e8de face \u00e0 la menace du Covid-19. Parmi les mesures phares en la mati\u00e8re figure en bonne place la campagne de vaccination qui a d\u00e9marr\u00e9 officiellement fin janvier dernier et qui passe actuellement \u00e0 la vitesse sup\u00e9rieure dans ce chantier national d\u2019envergure, en vue de progresser vers l\u2019immunit\u00e9 collective.<\/p>\n<p>A pr\u00e9sent plus de 11\u00a0millions de personnes sont vaccin\u00e9es, ce qui a permis au Royaume d\u2019assouplir les diff\u00e9rentes restrictions mises en place contre le Covid-19 et de r\u00e9ouvrir fin mai ses fronti\u00e8res a\u00e9riennes avec plusieurs pays, rendant ainsi possible le retour des Marocains R\u00e9sidant \u00e0 l\u2019Etranger (MRE) pour les grandes vacances d\u2019\u00e9t\u00e9.<\/p>\n<p>Tout en r\u00e9ussissant \u00e0 immuniser sa population, le Royaume a sign\u00e9 le 5 juillet dernier des Conventions relatives au projet de fabrication et de mise en seringue au Maroc du vaccin anti-Covid19 et autres vaccins lors d\u2019une c\u00e9r\u00e9monie pr\u00e9sid\u00e9e par Sa Majest\u00e9 le Roi Mohammed VI.<\/p>\n<p>Ce projet structurant de 500 millions de dollars US consiste \u00e0 d\u00e9velopper des vaccins <em>\u00abmade in Morocco\u00bb<\/em> en assurant l\u2019autosuffisance du Royaume et renforcer sa s\u00e9curit\u00e9 sanitaire, en dotant le pays de capacit\u00e9s industrielles et biotechnologiques compl\u00e8tes et int\u00e9gr\u00e9es avec la mise en place \u00e0 court terme d\u2019une capacit\u00e9 de production mensuelle de 5 millions de doses de vaccin anti-Covid 19 avant de d\u00e9multiplier progressivement cette capacit\u00e9.<\/p>\n<table>\n<tbody>\n<tr>\n<td width=\"604\"><strong>\u00a0<\/strong><\/p>\n<p><strong>Le Maroc dans le cercle des producteurs du vaccin anti-Covid 19<\/strong><\/p>\n<p>\u00a0<\/p>\n<\/td>\n<\/tr>\n<\/tbody>\n<\/table>\n<p>Ce projet consolide le statut du Royaume en tant que pourvoyeur de s\u00e9curit\u00e9 sanitaire \u00e0 l\u2019\u00e9chelle continentale et les Conventions sign\u00e9s dans le cadre de la coop\u00e9ration internationale contribuent \u00e0 la mise en place d\u2019un syst\u00e8me de sant\u00e9 efficient, de promotion des ressources humaines et de cr\u00e9ation de conditions objectives pour favoriser le rayonnement du pays sur le plan international.<\/p>\n<p>Avant-gardiste dans le combat contre le coronavirus, le Maroc conduit un autre projet structurant relatif \u00e0 la g\u00e9n\u00e9ralisation de la protection sociale, un chantier de grande envergure. Ce vaste chantier royal, qui b\u00e9n\u00e9ficiera dans un premier temps aux agriculteurs, artisans et professionnels de l\u2019artisanat, aux commer\u00e7ants, professionnels et prestataires ind\u00e9pendants soumis au r\u00e9gime de contribution professionnelle unique (CPU), au r\u00e9gime de l\u2019auto-entrepreneur ou au r\u00e9gime de la comptabilit\u00e9.<\/p>\n<p>Cette g\u00e9n\u00e9ralisation permettra donc de garantir la s\u00e9curit\u00e9 du revenu, d\u2019acc\u00e9l\u00e9rer le versement des prestations et d\u2019\u00e9largir le champ d\u2019application des prestations afin d\u2019int\u00e9grer des mesures de pr\u00e9vention, de diagnostic et de traitement.<\/p>\n<p>Ce projet de grande envergure, constitue un point de d\u00e9part vers une g\u00e9n\u00e9ralisation effective de la protection sociale, consid\u00e9r\u00e9e comme un moyen indispensable pour r\u00e9duire la pauvret\u00e9, et garantissant \u00e0 toutes les composantes \u00e9conomiques de la soci\u00e9t\u00e9, la pr\u00e9servation de leur dignit\u00e9.<\/p>\n<p>Il devra s\u2019\u00e9tendre, dans un second temps, \u00e0 d\u2019autres cat\u00e9gories dans la perspective de la g\u00e9n\u00e9ralisation effective de la protection sociale \u00e0 tous les citoyens.<\/p>\n<table>\n<tbody>\n<tr>\n<td width=\"604\"><strong>Durant ces 22 derni\u00e8res ann\u00e9es, le Maroc a poursuivi avec s\u00e9r\u00e9nit\u00e9 et confiance son processus de d\u00e9veloppement, en faisant de l\u2019int\u00e9gration du Continent Africain l\u2019un des fondamentaux de sa politique \u00e9trang\u00e8re<\/strong><\/p>\n<p><strong>\u00a0<\/strong><\/p>\n<\/td>\n<\/tr>\n<\/tbody>\n<\/table>\n<p>\u00a0<\/p>\n<p><strong>Les relations Maroc-Burkina Faso\u00a0: une dynamique renouvel\u00e9e et un contenu concret de coop\u00e9ration<\/strong><\/p>\n<p>Le Royaume du Maroc est r\u00e9solument engag\u00e9 en faveur de la d\u00e9fense des int\u00e9r\u00eats du Continent, ce qui se traduit de mani\u00e8re concr\u00e8te \u00e0 travers son action au sein de l\u2019Union Africaine et sa contribution \u00e0 la concr\u00e9tisation de l\u2019agenda de l\u2019Institution Panafricaine pour le d\u00e9veloppement, la promotion de la paix et de la stabilit\u00e9 et la pr\u00e9servation de son unit\u00e9.<\/p>\n<p>Concernant relations entre le Maroc et le Burkina Faso elles sont excellentes et s\u2019inscrivent dans le cadre de cette vision holistique qui puisent ses fondements dans la solidit\u00e9 des rapports empreints d\u2019amiti\u00e9 sinc\u00e8re, d\u2019estime et de consid\u00e9ration mutuelles liant nos deux Chefs d\u2019Etat, Sa Majest\u00e9 le Roi Mohammed VI et Son Fr\u00e8re Son Excellence le Pr\u00e9sident Roch Marc Christian KABORE.<\/p>\n<p>Ces relations ont franchi un nouveau cap avec l\u2019entr\u00e9e en vigueur de l\u2019Accord bilat\u00e9ral portant suppression de visa pour les titulaires des passeports ordinaires, sign\u00e9 au Maroc le 23 octobre 2020. En vertu des dispositions de l\u2019Accord, les citoyens burkinab\u00e8 sont dispens\u00e9s de la formalit\u00e9 de visa d\u2019entr\u00e9e au Royaume du Maroc, selon le principe de la r\u00e9ciprocit\u00e9.<\/p>\n<p>Avec la suppression de visa devenue effective, c\u2019est \u00e9galement la r\u00e9affirmation mutuelle d\u2019un engagement fort pour des relations de confiance qui capitalisent sur des acquis d\u00e9j\u00e0 engrang\u00e9s sur le plan bilat\u00e9ral, dont la libre circulation des citoyens constitue une avanc\u00e9e diplomatique notable pour le Maroc et le Burina Faso. <strong>\u00a0 <\/strong><\/p>\n<table>\n<tbody>\n<tr>\n<td width=\"604\"><strong>\u00a0<\/strong><\/p>\n<p><strong>La suppression de visa sur les passeports ordinaires constitue une avanc\u00e9e diplomatique notable pour les citoyens marocains et burkinab\u00e8<\/strong><\/p>\n<p><strong>\u00a0<\/strong><\/p>\n<\/td>\n<\/tr>\n<\/tbody>\n<\/table>\n<p><strong>\u00a0<\/strong><\/p>\n<p>Au-del\u00e0 des aspects techniques conjoncturelles de mise en \u0153uvre, le plus important ce sont objectifs majeurs que l\u2019Accord bilat\u00e9ral s\u2019est assign\u00e9 \u00e0 atteindre, notamment pour faciliter le voyage entre les deux pays et favoriser une dynamique vertueuse d\u2019approfondissement de la connaissance r\u00e9ciproque et de la prosp\u00e9rit\u00e9. La qualit\u00e9 de nos relations bilat\u00e9rales est un motif de sa satisfaction. Elles se caract\u00e9risent par une solidarit\u00e9 mutuelle \u00e0 toutes \u00e9preuves\u00a0et des \u00e9changes humaines denses.<\/p>\n<p>L\u2019Ambassade se r\u00e9jouit de ces d\u00e9veloppements heureux dans les relations bilat\u00e9rales et nous incite \u00e0 regarder l\u2019avenir de nos relations avec confiance et optimisme. La coop\u00e9ration Maroc-Burkina Faso offre des atouts ind\u00e9niables qui tiennent au fait qu\u2019elle est forte et appr\u00e9ci\u00e9e s\u2019\u00e9tendant aux diff\u00e9rents domaines strat\u00e9giques, qui pr\u00e9sentent un int\u00e9r\u00eat commun.<\/p>\n<p>Les r\u00e9sultats obtenus au gr\u00e9 des \u00e9v\u00e8nements la longue marche qui ont ponctu\u00e9 l\u2019avanc\u00e9e des deux pays vers des perspectives prometteuses de coop\u00e9ration, nous encouragent \u00e0 davantage de d\u00e9vouement pour la r\u00e9alisation de plus d\u2019action tangibles \u00e0 m\u00eame de conf\u00e9rer une dynamique renouvel\u00e9e \u00e0 notre partenariat multidimensionnel.<\/p>\n<p><strong>\u00a0<\/strong><\/p>\n<p style=\"text-align: right\"><strong>\u00a0<\/strong><strong>Monsieur Youssef SLAOUI<\/strong><\/p>\n<p style=\"text-align: right\"><strong>Ambassadeur du Royaume du Maroc au Burkina Faso<\/strong><\/p>\n<p>L\u2019article <a rel=\"nofollow\" href=\"https:\/\/www.sidwaya.info\/blog\/2021\/07\/29\/tribune-de-presse-le-maroc-commemore-ce-30-juillet-le-22eme-anniversaire-de-laccession-de-sa-majeste-le-roi-mohammed-vi-au-trone-de-ses-glorieux-ancetres\/\">Le Maroc comm\u00e9more ce 30 juillet, le 22\u00e8me \u00a0anniversaire de l\u2019accession de Sa Majest\u00e9 le Roi Mohammed VI, au tr\u00f4ne de ses glorieux anc\u00eatres<\/a> est apparu en premier sur <a rel=\"nofollow\" href=\"https:\/\/www.sidwaya.info\/\">Quotidien Sidwaya<\/a>.<\/p>\n<\/div>\n<p>Auteur: Wamini SIDWAYA<br \/>\n<a href=\"https:\/\/www.sidwaya.info\/blog\/2021\/07\/29\/tribune-de-presse-le-maroc-commemore-ce-30-juillet-le-22eme-anniversaire-de-laccession-de-sa-majeste-le-roi-mohammed-vi-au-trone-de-ses-glorieux-ancetres\/\">Cliquez ici pour lire l&rsquo;article depuis sa source.<\/a><\/p>\n","protected":false},"excerpt":{"rendered":"<p>La f\u00eate du tr\u00f4ne constitue un moment privil\u00e9gi\u00e9 pour renouveler la parfaite communion entre le peuple marocain et la monarchie ayant pour fondement la l\u00e9gitim\u00e9 historique et populaire. Durant ces 22 derni\u00e8res ann\u00e9es, le Maroc a poursuivi avec s\u00e9r\u00e9nit\u00e9 et confiance son processus de d\u00e9veloppement, en faisant de l\u2019int\u00e9gration du Continent Africain l\u2019un des fondamentaux [&hellip;]<\/p>\n","protected":false},"author":1816,"featured_media":0,"comment_status":"closed","ping_status":"closed","sticky":false,"template":"","format":"standard","meta":{"fifu_image_url":"","fifu_image_alt":"","footnotes":""},"categories":[73,81],"tags":[],"class_list":["post-122748","post","type-post","status-publish","format-standard","hentry","category-actualite","category-burkina-faso"],"_links":{"self":[{"href":"https:\/\/linitiative.ca\/International\/wp-json\/wp\/v2\/posts\/122748","targetHints":{"allow":["GET"]}}],"collection":[{"href":"https:\/\/linitiative.ca\/International\/wp-json\/wp\/v2\/posts"}],"about":[{"href":"https:\/\/linitiative.ca\/International\/wp-json\/wp\/v2\/types\/post"}],"author":[{"embeddable":true,"href":"https:\/\/linitiative.ca\/International\/wp-json\/wp\/v2\/users\/1816"}],"replies":[{"embeddable":true,"href":"https:\/\/linitiative.ca\/International\/wp-json\/wp\/v2\/comments?post=122748"}],"version-history":[{"count":0,"href":"https:\/\/linitiative.ca\/International\/wp-json\/wp\/v2\/posts\/122748\/revisions"}],"wp:attachment":[{"href":"https:\/\/linitiative.ca\/International\/wp-json\/wp\/v2\/media?parent=122748"}],"wp:term":[{"taxonomy":"category","embeddable":true,"href":"https:\/\/linitiative.ca\/International\/wp-json\/wp\/v2\/categories?post=122748"},{"taxonomy":"post_tag","embeddable":true,"href":"https:\/\/linitiative.ca\/International\/wp-json\/wp\/v2\/tags?post=122748"}],"curies":[{"name":"wp","href":"https:\/\/api.w.org\/{rel}","templated":true}]}}