{"id":122749,"date":"2021-07-29T11:43:17","date_gmt":"2021-07-29T15:43:17","guid":{"rendered":"https:\/\/linitiative.ca\/International\/rn1-le-ministere-en-charge-des-infrastructures-a-pris-des-mesures-urgentes-afin-de-retablir-le-trafic\/"},"modified":"2021-07-29T11:43:17","modified_gmt":"2021-07-29T15:43:17","slug":"rn1-le-ministere-en-charge-des-infrastructures-a-pris-des-mesures-urgentes-afin-de-retablir-le-trafic","status":"publish","type":"post","link":"https:\/\/linitiative.ca\/International\/rn1-le-ministere-en-charge-des-infrastructures-a-pris-des-mesures-urgentes-afin-de-retablir-le-trafic\/","title":{"rendered":"RN1\u00a0: Le Minist\u00e8re en charge des Infrastructures a pris des mesures urgentes afin de r\u00e9tablir le trafic"},"content":{"rendered":"<div>\n<p>Suite aux d\u00e9gradations constat\u00e9es sur la RN01 (entre Kot\u00e9dougou et le poste de p\u00e9age) hier 28 juillet 2021 dans la soir\u00e9e, le Minist\u00e8re des Infrastructures et du D\u00e9senclavement a pris des mesures urgentes afin de r\u00e9tablir le trafic. Ces mesures ont permis d\u2019entreprendre dans la m\u00eame nuit des travaux de s\u00e9curisation et de remise en \u00e9tat de la chauss\u00e9e qui ont abouti au r\u00e9tablissement du trafic tr\u00e8s t\u00f4t ce matin du 29 juillet 2021.<\/p>\n<p>En attendant la r\u00e9habilitation compl\u00e8te de la voie, le minist\u00e8re des Infrastructures et du D\u00e9senclavement invite l\u2019ensemble des usagers \u00e0 la plus grande prudence et au strict respect des consignes de s\u00e9curit\u00e9.<\/p>\n<p>Aussi, en cette saison des pluies qui s\u2019annoncent abondantes, le minist\u00e8re rappelle aux populations et aux usagers du r\u00e9seau routier national, qu\u2019au regard des risques d\u2019inondations annonc\u00e9s par la m\u00e9t\u00e9o, des possibilit\u00e9s de coupure de routes et de certains ouvrages sont \u00e0 craindre. Et ces risques sont beaucoup plus \u00e9lev\u00e9s sur les routes en chantier. Le minist\u00e8re les invite donc au respect strict des barri\u00e8res de pluie, du code de la route et des mesures de s\u00e9curit\u00e9 en vigueur sur ces routes.<\/p>\n<p>Par ailleurs, le minist\u00e8re rappelle qu\u2019une cellule de veille et d\u2019urgence a \u00e9t\u00e9 mise en place pour assurer la coordination des op\u00e9rations et pour prendre des mesures urgentes en cas de perturbation ou de rupture du trafic routier. Par cons\u00e9quent il les invite \u00e0 fournir toutes informations sur des d\u00e9gradations qui pourraient entrainer une suspension du trafic, aux services comp\u00e9tents du Minist\u00e8re dans leur zone.<\/p>\n<p><strong>Le Secr\u00e9taire G\u00e9n\u00e9ral <\/strong><\/p>\n<p><strong>Ollo Franck KANSIE<\/strong><\/p>\n<p><strong>Chevalier de l\u2019Ordre de l\u2019Etalon<\/strong><\/p>\n<p>L\u2019article <a rel=\"nofollow\" href=\"https:\/\/www.sidwaya.info\/blog\/2021\/07\/29\/rn1-le-ministere-en-charge-des-infrastructures-a-pris-des-mesures-urgentes-afin-de-retablir-le-trafic\/\">RN1\u00a0: Le Minist\u00e8re en charge des Infrastructures a pris des mesures urgentes afin de r\u00e9tablir le trafic<\/a> est apparu en premier sur <a rel=\"nofollow\" href=\"https:\/\/www.sidwaya.info\/\">Quotidien Sidwaya<\/a>.<\/p>\n<\/div>\n<p>Auteur: Wamini SIDWAYA<br \/>\n<a href=\"https:\/\/www.sidwaya.info\/blog\/2021\/07\/29\/rn1-le-ministere-en-charge-des-infrastructures-a-pris-des-mesures-urgentes-afin-de-retablir-le-trafic\/\">Cliquez ici pour lire l&rsquo;article depuis sa source.<\/a><\/p>\n","protected":false},"excerpt":{"rendered":"<p>Suite aux d\u00e9gradations constat\u00e9es sur la RN01 (entre Kot\u00e9dougou et le poste de p\u00e9age) hier 28 juillet 2021 dans la soir\u00e9e, le Minist\u00e8re des Infrastructures et du D\u00e9senclavement a pris des mesures urgentes afin de r\u00e9tablir le trafic. Ces mesures ont permis d\u2019entreprendre dans la m\u00eame nuit des travaux de s\u00e9curisation et de remise en [&hellip;]<\/p>\n","protected":false},"author":1816,"featured_media":0,"comment_status":"closed","ping_status":"closed","sticky":false,"template":"","format":"standard","meta":{"fifu_image_url":"","fifu_image_alt":"","footnotes":""},"categories":[73,81],"tags":[],"class_list":["post-122749","post","type-post","status-publish","format-standard","hentry","category-actualite","category-burkina-faso"],"_links":{"self":[{"href":"https:\/\/linitiative.ca\/International\/wp-json\/wp\/v2\/posts\/122749","targetHints":{"allow":["GET"]}}],"collection":[{"href":"https:\/\/linitiative.ca\/International\/wp-json\/wp\/v2\/posts"}],"about":[{"href":"https:\/\/linitiative.ca\/International\/wp-json\/wp\/v2\/types\/post"}],"author":[{"embeddable":true,"href":"https:\/\/linitiative.ca\/International\/wp-json\/wp\/v2\/users\/1816"}],"replies":[{"embeddable":true,"href":"https:\/\/linitiative.ca\/International\/wp-json\/wp\/v2\/comments?post=122749"}],"version-history":[{"count":0,"href":"https:\/\/linitiative.ca\/International\/wp-json\/wp\/v2\/posts\/122749\/revisions"}],"wp:attachment":[{"href":"https:\/\/linitiative.ca\/International\/wp-json\/wp\/v2\/media?parent=122749"}],"wp:term":[{"taxonomy":"category","embeddable":true,"href":"https:\/\/linitiative.ca\/International\/wp-json\/wp\/v2\/categories?post=122749"},{"taxonomy":"post_tag","embeddable":true,"href":"https:\/\/linitiative.ca\/International\/wp-json\/wp\/v2\/tags?post=122749"}],"curies":[{"name":"wp","href":"https:\/\/api.w.org\/{rel}","templated":true}]}}