{"id":122750,"date":"2021-07-29T13:18:01","date_gmt":"2021-07-29T17:18:01","guid":{"rendered":"https:\/\/linitiative.ca\/International\/covid-19-larrivee-des-vaccins-sintensifie-en-afrique\/"},"modified":"2021-07-29T13:18:01","modified_gmt":"2021-07-29T17:18:01","slug":"covid-19-larrivee-des-vaccins-sintensifie-en-afrique","status":"publish","type":"post","link":"https:\/\/linitiative.ca\/International\/covid-19-larrivee-des-vaccins-sintensifie-en-afrique\/","title":{"rendered":"Covid-19 : l\u2019arriv\u00e9e des vaccins s\u2019intensifie en Afrique"},"content":{"rendered":"<div>\n<p><img loading=\"lazy\" decoding=\"async\" width=\"720\" height=\"480\" src=\"https:\/\/linitiative.ca\/International\/wp-content\/uploads\/sites\/23\/2021\/07\/16275790822014.jpg\" class=\"attachment-post-thumbnail size-post-thumbnail wp-post-image\" alt=\"\" srcset=\"https:\/\/linitiative.ca\/International\/wp-content\/uploads\/sites\/23\/2021\/07\/16275790822014.jpg 720w, https:\/\/www.journalducameroun.com\/wp-content\/uploads\/2021\/07\/16275790822014-300x200.jpg 300w, https:\/\/www.journalducameroun.com\/wp-content\/uploads\/2021\/07\/16275790822014-660x440.jpg 660w, https:\/\/www.journalducameroun.com\/wp-content\/uploads\/2021\/07\/16275790822014-600x400.jpg 600w\" sizes=\"auto, (max-width: 720px) 100vw, 720px\"><\/p>\n<p>Le continent noir a re\u00e7u, rien que la semaine derni\u00e8re, pr\u00e8s de 4 millions de doses \u00e0 travers le m\u00e9canisme Covax contre 245.000 tout au long du mois de juin.Les exp\u00e9ditions de vaccins contre le nouveau coronavirus s&rsquo;acc\u00e9l\u00e8rent en l&rsquo;Afrique. Ce qui n&rsquo;est pas pour d\u00e9plaire aux populations. Car les d\u00e9c\u00e8s \u00e0 r\u00e9p\u00e9tition, caus\u00e9s surtout par \u00a0circulation express des variants dont Delta pr\u00e9sent dans 26 pays africains, a secou\u00e9 bien des gens pour les d\u00e9barrasser de la peur bleue du vaccin.<\/p>\n<p>Jusque-l\u00e0, renseigne un communiqu\u00e9 re\u00e7u jeudi \u00e0 APA, 21 millions de personnes sont enti\u00e8rement vaccin\u00e9es en Afrique, soit tout juste 1,6 % de sa population. C&rsquo;est peu de dire que ce continent est \u00e0 la tra\u00eene avec seulement 79 millions de doses r\u00e9ceptionn\u00e9es.<\/p>\n<p>En guise de comparaison, les pays \u00e0 revenu \u00e9lev\u00e9 ont administr\u00e9 61 fois plus de doses par personne que les pays \u00e0 faible revenu. En France par exemple, plus de la moiti\u00e9 de la population est vaccin\u00e9e.<\/p>\n<p>Le foss\u00e9 est \u00e9norme. D&rsquo;ici fin 2021, 520 millions de doses sont attendues en Afrique gr\u00e2ce au Covax. Dans le cadre de ce m\u00e9canisme, de nouveaux accords ont \u00e9t\u00e9 conclus avec Sinopharm et Sinovac. Objectif : fournir rapidement 110 millions de doses suppl\u00e9mentaires aux pays \u00e0 faible revenu.<\/p>\n<p>En outre, \u00ab le Covax et la Banque Mondiale sont pr\u00eats \u00e0 stimuler davantage l&rsquo;approvisionnement en vaccins contre la Covid-19 des pays en d\u00e9veloppement (via) un nouveau dispositif de co\u00fbts partag\u00e9s \u00bb, indique le document.<\/p>\n<p>L&rsquo;Union africaine (UA), \u00e0 travers le Fonds africain pour l&rsquo;acquisition des vaccins (Avat), devrait fournir environ 45 millions de doses d&rsquo;ici la fin de cette ann\u00e9e. Pour y arriver, \u00e0 partir de septembre prochain, une hausse des livraisons est pr\u00e9vue avec 10 millions de doses par mois.<\/p>\n<p>Pour que la dynamique enclench\u00e9e ne s&rsquo;estompe pas, Dr Matshidiso Moeti, Directrice r\u00e9gionale de l&rsquo;Organisation Mondiale de la Sant\u00e9 pour l&rsquo;Afrique a appel\u00e9, aujourd&rsquo;hui lors d&rsquo;une conf\u00e9rence de presse en ligne avec les Centres africains de contr\u00f4le et de pr\u00e9vention des maladies (CDC Afrique), \u00ab tous les pays avec des surplus de doses \u00e0 en partager davantage de toute urgence dans l&rsquo;esprit de solidarit\u00e9 vitale et d&rsquo;int\u00e9r\u00eat personnel \u00e9clair\u00e9, parce qu&rsquo;aucun pays n&rsquo;est en s\u00e9curit\u00e9 tant que tous les pays ne le sont pas \u00bb.<\/p>\n<p>Cet article <a rel=\"nofollow\" href=\"https:\/\/www.journalducameroun.com\/covid-19-larrivee-des-vaccins-sintensifie-en-afrique\/\">Covid-19 : l\u2019arriv\u00e9e des vaccins s\u2019intensifie en Afrique<\/a> est apparu en premier sur <a rel=\"nofollow\" href=\"https:\/\/www.journalducameroun.com\/\">Journal du Cameroun<\/a>.<\/p>\n<\/div>\n<p>Auteur: APA News<br \/>\n<a href=\"https:\/\/www.journalducameroun.com\/covid-19-larrivee-des-vaccins-sintensifie-en-afrique\/\">Cliquez ici pour lire l&rsquo;article depuis sa source.<\/a><\/p>\n","protected":false},"excerpt":{"rendered":"<p>Le continent noir a re\u00e7u, rien que la semaine derni\u00e8re, pr\u00e8s de 4 millions de doses \u00e0 travers le m\u00e9canisme Covax contre 245.000 tout au long du mois de juin.Les exp\u00e9ditions de vaccins contre le nouveau coronavirus s&rsquo;acc\u00e9l\u00e8rent en l&rsquo;Afrique. Ce qui n&rsquo;est pas pour d\u00e9plaire aux populations. Car les d\u00e9c\u00e8s \u00e0 r\u00e9p\u00e9tition, caus\u00e9s surtout [&hellip;]<\/p>\n","protected":false},"author":1965,"featured_media":0,"comment_status":"closed","ping_status":"closed","sticky":false,"template":"","format":"standard","meta":{"fifu_image_url":"https:\/\/www.journalducameroun.com\/wp-content\/uploads\/2021\/07\/16275790822014.jpg","fifu_image_alt":"Covid-19 : l\u2019arriv\u00e9e des vaccins s\u2019intensifie en Afrique","footnotes":""},"categories":[73,82],"tags":[],"class_list":["post-122750","post","type-post","status-publish","format-standard","hentry","category-actualite","category-cameroun"],"_links":{"self":[{"href":"https:\/\/linitiative.ca\/International\/wp-json\/wp\/v2\/posts\/122750","targetHints":{"allow":["GET"]}}],"collection":[{"href":"https:\/\/linitiative.ca\/International\/wp-json\/wp\/v2\/posts"}],"about":[{"href":"https:\/\/linitiative.ca\/International\/wp-json\/wp\/v2\/types\/post"}],"author":[{"embeddable":true,"href":"https:\/\/linitiative.ca\/International\/wp-json\/wp\/v2\/users\/1965"}],"replies":[{"embeddable":true,"href":"https:\/\/linitiative.ca\/International\/wp-json\/wp\/v2\/comments?post=122750"}],"version-history":[{"count":0,"href":"https:\/\/linitiative.ca\/International\/wp-json\/wp\/v2\/posts\/122750\/revisions"}],"wp:attachment":[{"href":"https:\/\/linitiative.ca\/International\/wp-json\/wp\/v2\/media?parent=122750"}],"wp:term":[{"taxonomy":"category","embeddable":true,"href":"https:\/\/linitiative.ca\/International\/wp-json\/wp\/v2\/categories?post=122750"},{"taxonomy":"post_tag","embeddable":true,"href":"https:\/\/linitiative.ca\/International\/wp-json\/wp\/v2\/tags?post=122750"}],"curies":[{"name":"wp","href":"https:\/\/api.w.org\/{rel}","templated":true}]}}