{"id":122752,"date":"2021-07-29T13:18:02","date_gmt":"2021-07-29T17:18:02","guid":{"rendered":"https:\/\/linitiative.ca\/International\/cote-divoire-baky-ne-fait-plus-partie-du-personnel-de-lasec\/"},"modified":"2021-07-29T13:18:02","modified_gmt":"2021-07-29T17:18:02","slug":"cote-divoire-baky-ne-fait-plus-partie-du-personnel-de-lasec","status":"publish","type":"post","link":"https:\/\/linitiative.ca\/International\/cote-divoire-baky-ne-fait-plus-partie-du-personnel-de-lasec\/","title":{"rendered":"C\u00f4te d\u2019Ivoire: Baky ne fait plus partie du personnel de l\u2019Asec"},"content":{"rendered":"<div>\n<p><img loading=\"lazy\" decoding=\"async\" width=\"475\" height=\"375\" src=\"https:\/\/linitiative.ca\/International\/wp-content\/uploads\/sites\/23\/2021\/07\/16275790823143.jpg\" class=\"attachment-post-thumbnail size-post-thumbnail wp-post-image\" alt=\"\" srcset=\"https:\/\/linitiative.ca\/International\/wp-content\/uploads\/sites\/23\/2021\/07\/16275790823143.jpg 475w, https:\/\/www.journalducameroun.com\/wp-content\/uploads\/2021\/07\/16275790823143-300x237.jpg 300w\" sizes=\"auto, (max-width: 475px) 100vw, 475px\"><\/p>\n<p>L&rsquo;ex-footballeur international ivoirien Kon\u00e9 Bakari dit Baky ne fait plus partie du personnel du club ivoirien Asec Mimosas, a appris APA, jeudi, de source officielle dans la capitale \u00e9conomique ivoirienne.<\/p>\n<p>Dans un communiqu\u00e9, le Pr\u00e9sident du Conseil d&rsquo;administration de \u00a0l&rsquo;Asec Mimosas, Me Roger Ou\u00e9gnin, \u00ab informe les actionnaires que M. Kon\u00e9 Bakari dit Baky ne fait plus partie du personnel du club \u00e0 compter de ce jour, jeudi 29 juillet 2021 \u00bb.<\/p>\n<p>Le texte laconique publi\u00e9 sur les r\u00e9seaux sociaux du club ne donne aucune explication sur cette d\u00e9cision. Baky a \u00e9t\u00e9 copt\u00e9 en septembre 2018 au sein du Conseil d&rsquo;administration de l&rsquo;Asec et il a \u00e9t\u00e9 nomm\u00e9 dans la foul\u00e9e pr\u00e9sident de la section football du club.<\/p>\n<p>\u00a0L&rsquo;Asec Mimosas est l&rsquo;un des plus grands clubs ivoiriens de football bas\u00e9 \u00e0 Abidjan et \u00e9voluant en Ligue 1 ivoirienne. Il est dirig\u00e9 depuis 1989 par Me Roger Ou\u00e9gnin qui est \u00e0 l&rsquo;origine de son renouveau.<\/p>\n<p>Cet article <a rel=\"nofollow\" href=\"https:\/\/www.journalducameroun.com\/cote-divoire-baky-ne-fait-plus-partie-du-personnel-de-lasec\/\">C\u00f4te d\u2019Ivoire: Baky ne fait plus partie du personnel de l\u2019Asec<\/a> est apparu en premier sur <a rel=\"nofollow\" href=\"https:\/\/www.journalducameroun.com\/\">Journal du Cameroun<\/a>.<\/p>\n<\/div>\n<p>Auteur: APA News<br \/>\n<a href=\"https:\/\/www.journalducameroun.com\/cote-divoire-baky-ne-fait-plus-partie-du-personnel-de-lasec\/\">Cliquez ici pour lire l&rsquo;article depuis sa source.<\/a><\/p>\n","protected":false},"excerpt":{"rendered":"<p>L&rsquo;ex-footballeur international ivoirien Kon\u00e9 Bakari dit Baky ne fait plus partie du personnel du club ivoirien Asec Mimosas, a appris APA, jeudi, de source officielle dans la capitale \u00e9conomique ivoirienne. Dans un communiqu\u00e9, le Pr\u00e9sident du Conseil d&rsquo;administration de \u00a0l&rsquo;Asec Mimosas, Me Roger Ou\u00e9gnin, \u00ab informe les actionnaires que M. Kon\u00e9 Bakari dit Baky ne [&hellip;]<\/p>\n","protected":false},"author":1965,"featured_media":0,"comment_status":"closed","ping_status":"closed","sticky":false,"template":"","format":"standard","meta":{"fifu_image_url":"https:\/\/www.journalducameroun.com\/wp-content\/uploads\/2021\/07\/16275790823143.jpg","fifu_image_alt":"C\u00f4te d\u2019Ivoire: Baky ne fait plus partie du personnel de l\u2019Asec","footnotes":""},"categories":[73,82],"tags":[],"class_list":["post-122752","post","type-post","status-publish","format-standard","hentry","category-actualite","category-cameroun"],"_links":{"self":[{"href":"https:\/\/linitiative.ca\/International\/wp-json\/wp\/v2\/posts\/122752","targetHints":{"allow":["GET"]}}],"collection":[{"href":"https:\/\/linitiative.ca\/International\/wp-json\/wp\/v2\/posts"}],"about":[{"href":"https:\/\/linitiative.ca\/International\/wp-json\/wp\/v2\/types\/post"}],"author":[{"embeddable":true,"href":"https:\/\/linitiative.ca\/International\/wp-json\/wp\/v2\/users\/1965"}],"replies":[{"embeddable":true,"href":"https:\/\/linitiative.ca\/International\/wp-json\/wp\/v2\/comments?post=122752"}],"version-history":[{"count":0,"href":"https:\/\/linitiative.ca\/International\/wp-json\/wp\/v2\/posts\/122752\/revisions"}],"wp:attachment":[{"href":"https:\/\/linitiative.ca\/International\/wp-json\/wp\/v2\/media?parent=122752"}],"wp:term":[{"taxonomy":"category","embeddable":true,"href":"https:\/\/linitiative.ca\/International\/wp-json\/wp\/v2\/categories?post=122752"},{"taxonomy":"post_tag","embeddable":true,"href":"https:\/\/linitiative.ca\/International\/wp-json\/wp\/v2\/tags?post=122752"}],"curies":[{"name":"wp","href":"https:\/\/api.w.org\/{rel}","templated":true}]}}