{"id":122754,"date":"2021-07-29T14:18:02","date_gmt":"2021-07-29T18:18:02","guid":{"rendered":"https:\/\/linitiative.ca\/International\/parlement-ivoirien-eds-denonce-une-loi-impliquant-paris-dans-la-gouvernance-de-leco\/"},"modified":"2021-07-29T14:18:02","modified_gmt":"2021-07-29T18:18:02","slug":"parlement-ivoirien-eds-denonce-une-loi-impliquant-paris-dans-la-gouvernance-de-leco","status":"publish","type":"post","link":"https:\/\/linitiative.ca\/International\/parlement-ivoirien-eds-denonce-une-loi-impliquant-paris-dans-la-gouvernance-de-leco\/","title":{"rendered":"Parlement ivoirien: EDS d\u00e9nonce une loi impliquant Paris dans la gouvernance de l\u2019Eco"},"content":{"rendered":"<div>\n<p><img loading=\"lazy\" decoding=\"async\" width=\"800\" height=\"533\" src=\"https:\/\/linitiative.ca\/International\/wp-content\/uploads\/sites\/23\/2021\/07\/16275826826475.jpg\" class=\"attachment-post-thumbnail size-post-thumbnail wp-post-image\" alt=\"\" srcset=\"https:\/\/linitiative.ca\/International\/wp-content\/uploads\/sites\/23\/2021\/07\/16275826826475.jpg 800w, https:\/\/www.journalducameroun.com\/wp-content\/uploads\/2021\/07\/16275826826475-300x200.jpg 300w, https:\/\/www.journalducameroun.com\/wp-content\/uploads\/2021\/07\/16275826826475-768x512.jpg 768w, https:\/\/www.journalducameroun.com\/wp-content\/uploads\/2021\/07\/16275826826475-660x440.jpg 660w, https:\/\/www.journalducameroun.com\/wp-content\/uploads\/2021\/07\/16275826826475-600x400.jpg 600w\" sizes=\"auto, (max-width: 800px) 100vw, 800px\"><\/p>\n<p>Le Groupe parlementaire ivoirien Ensemble pour la d\u00e9mocratie et la souverainet\u00e9 (EDS, opposition), a d\u00e9nonc\u00e9 jeudi une loi vot\u00e9e, en pl\u00e9ni\u00e8re \u00e0 l&rsquo;h\u00e9micycle, impliquant Paris dans la gouvernance de la monnaie \u00c9co avec l&rsquo;Uemoa.<\/p>\n<p>\u00ab\u00a0Le Groupe parlementaire EDS a vot\u00e9 contre l&rsquo;adoption de cette loi de ratification \u00e0 toutes les \u00e9tapes de la proc\u00e9dure parlementaire, c&rsquo;est-\u00e0-dire aussi bien en commission qu&rsquo;en pl\u00e9ni\u00e8re\u00a0\u00bb, indique une d\u00e9claration lue par le d\u00e9put\u00e9 Dago Kouassi Auguste, face \u00e0 la presse.<\/p>\n<p>Le d\u00e9put\u00e9 de Hir\u00e9, Dago Kouassi, a fait savoir que le Groupe parlementaire EDS a soulev\u00e9 un certain nombre de pr\u00e9occupations concernant cette nouvelle monnaie, mais les r\u00e9ponses des repr\u00e9sentants du gouvernement n&rsquo;ont pas pu dissiper leurs inqui\u00e9tudes.<\/p>\n<p>\u00ab\u00a0Qui est le v\u00e9ritable propri\u00e9taire de la monnaie cr\u00e9\u00e9e aux termes de cet accord, est-ce la Cedeao ou l&rsquo;Umoa (Union mon\u00e9taire ouest-africaine) ?\u00a0\u00bb, a laiss\u00e9 entendre le porte-parole de s\u00e9ance du Groupe parlementaire EDS.<\/p>\n<p>\u00ab\u00a0Si l&rsquo;Eco appartient \u00e0 la Cedeao qui appartient aux 15 Etats membres, comme pr\u00e9vu \u00e0 l&rsquo;origine ; pourquoi ce ne sont que les huit Etats membres de l&rsquo;Umoa qui en sont signataires alors que nous savons que les sept autres Etats de la Cedeao y sont oppos\u00e9s\u00a0\u00bb, a-t-il fait observer.<\/p>\n<p>Le Groupe parlementaire EDS estime que \u00ab\u00a0rien ne justifie l&#8217;empressement du gouvernement ivoirien \u00e0 obtenir la ratification de cet accord surtout que la mise en \u0153uvre de l&rsquo;Eco (monnaie Cedeao), pr\u00e9vue initialement pour 2020, est diff\u00e9r\u00e9e \u00e0 2027\u00a0\u00bb.<\/p>\n<p>Cet accord, qui vise \u00e0 r\u00e9former le franc FCA d\u00e9sormais appel\u00e9 Eco, aura cours dans l&rsquo;espace Umoa dont la C\u00f4te d&rsquo;Ivoire est la locomotive \u00e9conomique. Pour le Groupe parlementaire EDS, la Cedeao qui est le \u00ab\u00a0promoteur\u00a0\u00bb de la monnaie \u00c9co doit prendre le lead.<\/p>\n<p>Les membres de la Cedeao, soutient le groupe parlementaire ivoirien ont fait \u00ab\u00a0le choix d&rsquo;une monnaie ind\u00e9pendante, africaine et propri\u00e9t\u00e9 des Etats membres de la Cedeao\u00a0\u00bb. Alors, tout doit se faire selon l&rsquo;ensemble des dirigeants de l&rsquo;organisation.<\/p>\n<p>Par cons\u00e9quent, \u00ab\u00a0les r\u00e8gles de gouvernance de cette nouvelle monnaie commune sont aux antipodes de celles de la monnaie CFA qui, m\u00eame en s&rsquo;appelant d\u00e9sormais Eco, reste arrim\u00e9e \u00e0 l&rsquo;Euro, une monnaie forte, dans une parit\u00e9 fixe dont la France est le garant\u00a0\u00bb.<\/p>\n<p>Cet accord de coop\u00e9ration avec la France \u00ab\u00a0donnera \u00e0 l&rsquo;ancienne puissance colonisatrice le droit d&rsquo;intervenir \u00e0 tout moment dans la gouvernance de cette monnaie Eco Umoa, soit pour pr\u00e9venir une crise, soit pour la g\u00e9rer si elle est d\u00e9j\u00e0 survenue, et cela plus de 60 ans apr\u00e8s les ind\u00e9pendances\u00a0\u00bb, s&rsquo;insurge le Groupe parlementaire EDS.\u00a0<\/p>\n<p>\u00ab\u00a0Nous voyons donc clairement que la r\u00e9forme mon\u00e9taire propos\u00e9e par la France, malgr\u00e9 le changement d\u00e9nomination du CFA en Eco, continuera de maintenir les Etats membres de l&rsquo;Umoa dans une d\u00e9pendance mon\u00e9taire infantilisante\u00a0\u00bb, a martel\u00e9 M. Dago.<\/p>\n<p>Cette r\u00e9forme propos\u00e9e par Paris, poursuivra-t-il, ne peut pas favoriser le d\u00e9veloppement \u00e9conomique des Etats membres de la zone Umoa et constituerait \u00ab\u00a0une atteinte grave \u00e0 leur souverainet\u00e9 nationale\u00a0\u00bb.<\/p>\n<p>\u00ab\u00a0C&rsquo;est pourquoi, le Groupe parlementaire Eds, soucieux de la souverainet\u00e9 de la C\u00f4te d&rsquo;Ivoire, condition indispensable de son d\u00e9veloppement \u00e9conomique et social, propose que la loi qui vient d&rsquo;\u00eatre vot\u00e9e en s\u00e9ance pl\u00e9ni\u00e8re ne soit pas promulgu\u00e9e par le Pr\u00e9sident de la R\u00e9publique, en attendant que des \u00e9tudes d&rsquo;experts en monnaie \u00e9clairent davantage la repr\u00e9sentation nationale\u00a0\u00bb, a-t-il ajout\u00e9.\u00a0<\/p>\n<p>L&rsquo;Assembl\u00e9e nationale a vot\u00e9, le 27 juillet 2021, une loi autorisant le pr\u00e9sident ivoirien \u00e0 ratifier l&rsquo;accord de coop\u00e9ration entre les gouvernements des Etats membres de l&rsquo;Union Mon\u00e9taire Ouest Africaine (Umoa) et le Gouvernement de la R\u00e9publique Fran\u00e7aise.<\/p>\n<p>Cette loi intervient dans le cadre de la mise en \u0153uvre de l&rsquo;Eco, monnaie unique, dans la r\u00e9gion ouest-africaine. L&rsquo;accord sur cette monnaie commune des Etats de la Cedeao, a \u00e9t\u00e9 sign\u00e9 le 21 d\u00e9cembre 2019 \u00e0 Abidjan.<\/p>\n<p>Cet article <a rel=\"nofollow\" href=\"https:\/\/www.journalducameroun.com\/parlement-ivoirien-eds-denonce-une-loi-impliquant-paris-dans-la-gouvernance-de-leco\/\">Parlement ivoirien: EDS d\u00e9nonce une loi impliquant Paris dans la gouvernance de l\u2019Eco<\/a> est apparu en premier sur <a rel=\"nofollow\" href=\"https:\/\/www.journalducameroun.com\/\">Journal du Cameroun<\/a>.<\/p>\n<\/div>\n<p>Auteur: APA News<br \/>\n<a href=\"https:\/\/www.journalducameroun.com\/parlement-ivoirien-eds-denonce-une-loi-impliquant-paris-dans-la-gouvernance-de-leco\/\">Cliquez ici pour lire l&rsquo;article depuis sa source.<\/a><\/p>\n","protected":false},"excerpt":{"rendered":"<p>Le Groupe parlementaire ivoirien Ensemble pour la d\u00e9mocratie et la souverainet\u00e9 (EDS, opposition), a d\u00e9nonc\u00e9 jeudi une loi vot\u00e9e, en pl\u00e9ni\u00e8re \u00e0 l&rsquo;h\u00e9micycle, impliquant Paris dans la gouvernance de la monnaie \u00c9co avec l&rsquo;Uemoa. \u00ab\u00a0Le Groupe parlementaire EDS a vot\u00e9 contre l&rsquo;adoption de cette loi de ratification \u00e0 toutes les \u00e9tapes de la proc\u00e9dure parlementaire, [&hellip;]<\/p>\n","protected":false},"author":1965,"featured_media":0,"comment_status":"closed","ping_status":"closed","sticky":false,"template":"","format":"standard","meta":{"fifu_image_url":"https:\/\/www.journalducameroun.com\/wp-content\/uploads\/2021\/07\/16275826826475.jpg","fifu_image_alt":"Parlement ivoirien: EDS d\u00e9nonce une loi impliquant Paris dans la gouvernance de l\u2019Eco","footnotes":""},"categories":[73,82],"tags":[],"class_list":["post-122754","post","type-post","status-publish","format-standard","hentry","category-actualite","category-cameroun"],"_links":{"self":[{"href":"https:\/\/linitiative.ca\/International\/wp-json\/wp\/v2\/posts\/122754","targetHints":{"allow":["GET"]}}],"collection":[{"href":"https:\/\/linitiative.ca\/International\/wp-json\/wp\/v2\/posts"}],"about":[{"href":"https:\/\/linitiative.ca\/International\/wp-json\/wp\/v2\/types\/post"}],"author":[{"embeddable":true,"href":"https:\/\/linitiative.ca\/International\/wp-json\/wp\/v2\/users\/1965"}],"replies":[{"embeddable":true,"href":"https:\/\/linitiative.ca\/International\/wp-json\/wp\/v2\/comments?post=122754"}],"version-history":[{"count":0,"href":"https:\/\/linitiative.ca\/International\/wp-json\/wp\/v2\/posts\/122754\/revisions"}],"wp:attachment":[{"href":"https:\/\/linitiative.ca\/International\/wp-json\/wp\/v2\/media?parent=122754"}],"wp:term":[{"taxonomy":"category","embeddable":true,"href":"https:\/\/linitiative.ca\/International\/wp-json\/wp\/v2\/categories?post=122754"},{"taxonomy":"post_tag","embeddable":true,"href":"https:\/\/linitiative.ca\/International\/wp-json\/wp\/v2\/tags?post=122754"}],"curies":[{"name":"wp","href":"https:\/\/api.w.org\/{rel}","templated":true}]}}