{"id":122756,"date":"2021-07-29T15:18:02","date_gmt":"2021-07-29T19:18:02","guid":{"rendered":"https:\/\/linitiative.ca\/International\/crise-politique-en-tunisie-jean-yves-le-drian-pour-un-retour-rapide-a-la-normale\/"},"modified":"2021-07-29T15:18:02","modified_gmt":"2021-07-29T19:18:02","slug":"crise-politique-en-tunisie-jean-yves-le-drian-pour-un-retour-rapide-a-la-normale","status":"publish","type":"post","link":"https:\/\/linitiative.ca\/International\/crise-politique-en-tunisie-jean-yves-le-drian-pour-un-retour-rapide-a-la-normale\/","title":{"rendered":"Crise politique en Tunisie : Jean-Yves Le Drian pour un retour rapide \u00e0 la normale"},"content":{"rendered":"<div>\n<p><img loading=\"lazy\" decoding=\"async\" width=\"2048\" height=\"1536\" src=\"https:\/\/linitiative.ca\/International\/wp-content\/uploads\/sites\/23\/2021\/07\/16275862832632.jpg\" class=\"attachment-post-thumbnail size-post-thumbnail wp-post-image\" alt=\"\" srcset=\"https:\/\/linitiative.ca\/International\/wp-content\/uploads\/sites\/23\/2021\/07\/16275862832632.jpg 2048w, https:\/\/www.journalducameroun.com\/wp-content\/uploads\/2021\/07\/16275862832632-300x225.jpg 300w, https:\/\/www.journalducameroun.com\/wp-content\/uploads\/2021\/07\/16275862832632-768x576.jpg 768w, https:\/\/www.journalducameroun.com\/wp-content\/uploads\/2021\/07\/16275862832632-1024x768.jpg 1024w, https:\/\/www.journalducameroun.com\/wp-content\/uploads\/2021\/07\/16275862832632-587x440.jpg 587w, https:\/\/www.journalducameroun.com\/wp-content\/uploads\/2021\/07\/16275862832632-600x450.jpg 600w\" sizes=\"auto, (max-width: 2048px) 100vw, 2048px\"><\/p>\n<p>Le ministre fran\u00e7ais de l&rsquo;Europe et des Affaires \u00e9trang\u00e8res plaide pour la nomination dans les plus brefs d\u00e9lais d&rsquo;un Premier ministre et la formation d&rsquo;un gouvernement.La Tunisie s&rsquo;est fractur\u00e9e au sujet de la suspension des activit\u00e9s du Parlement d\u00e9cid\u00e9e par le pr\u00e9sident Ka\u00efs Sa\u00efed. Jean-Yves Le Drian, ministre fran\u00e7ais de l&rsquo;Europe et des Affaires \u00e9trang\u00e8res, lors d&rsquo;un entretien mercredi avec son homologue tunisien, Othman Jerandi, a insist\u00e9 sur la n\u00e9cessit\u00e9 de r\u00e9tablir les \u00ab institutions d\u00e9mocratiques \u00bb et de \u00ab pr\u00e9server le calme et l&rsquo;\u00c9tat de droit \u00bb.<\/p>\n<p>Le chef de la diplomatie fran\u00e7aise, en contact \u00e9troit avec M. Jerandi au cours des derniers jours, a d\u00e9clar\u00e9 que la situation en Tunisie est suivie \u00ab avec la plus grande attention par les autorit\u00e9s \u00bb de son pays.<\/p>\n<p>Cet article <a rel=\"nofollow\" href=\"https:\/\/www.journalducameroun.com\/crise-politique-en-tunisie-jean-yves-le-drian-pour-un-retour-rapide-a-la-normale\/\">Crise politique en Tunisie : Jean-Yves Le Drian pour un retour rapide \u00e0 la normale<\/a> est apparu en premier sur <a rel=\"nofollow\" href=\"https:\/\/www.journalducameroun.com\/\">Journal du Cameroun<\/a>.<\/p>\n<\/div>\n<p>Auteur: APA News<br \/>\n<a href=\"https:\/\/www.journalducameroun.com\/crise-politique-en-tunisie-jean-yves-le-drian-pour-un-retour-rapide-a-la-normale\/\">Cliquez ici pour lire l&rsquo;article depuis sa source.<\/a><\/p>\n","protected":false},"excerpt":{"rendered":"<p>Le ministre fran\u00e7ais de l&rsquo;Europe et des Affaires \u00e9trang\u00e8res plaide pour la nomination dans les plus brefs d\u00e9lais d&rsquo;un Premier ministre et la formation d&rsquo;un gouvernement.La Tunisie s&rsquo;est fractur\u00e9e au sujet de la suspension des activit\u00e9s du Parlement d\u00e9cid\u00e9e par le pr\u00e9sident Ka\u00efs Sa\u00efed. Jean-Yves Le Drian, ministre fran\u00e7ais de l&rsquo;Europe et des Affaires \u00e9trang\u00e8res, [&hellip;]<\/p>\n","protected":false},"author":1965,"featured_media":0,"comment_status":"closed","ping_status":"closed","sticky":false,"template":"","format":"standard","meta":{"fifu_image_url":"https:\/\/www.journalducameroun.com\/wp-content\/uploads\/2021\/07\/16275862832632.jpg","fifu_image_alt":"Crise politique en Tunisie : Jean-Yves Le Drian pour un retour rapide \u00e0 la normale","footnotes":""},"categories":[73,82],"tags":[],"class_list":["post-122756","post","type-post","status-publish","format-standard","hentry","category-actualite","category-cameroun"],"_links":{"self":[{"href":"https:\/\/linitiative.ca\/International\/wp-json\/wp\/v2\/posts\/122756","targetHints":{"allow":["GET"]}}],"collection":[{"href":"https:\/\/linitiative.ca\/International\/wp-json\/wp\/v2\/posts"}],"about":[{"href":"https:\/\/linitiative.ca\/International\/wp-json\/wp\/v2\/types\/post"}],"author":[{"embeddable":true,"href":"https:\/\/linitiative.ca\/International\/wp-json\/wp\/v2\/users\/1965"}],"replies":[{"embeddable":true,"href":"https:\/\/linitiative.ca\/International\/wp-json\/wp\/v2\/comments?post=122756"}],"version-history":[{"count":0,"href":"https:\/\/linitiative.ca\/International\/wp-json\/wp\/v2\/posts\/122756\/revisions"}],"wp:attachment":[{"href":"https:\/\/linitiative.ca\/International\/wp-json\/wp\/v2\/media?parent=122756"}],"wp:term":[{"taxonomy":"category","embeddable":true,"href":"https:\/\/linitiative.ca\/International\/wp-json\/wp\/v2\/categories?post=122756"},{"taxonomy":"post_tag","embeddable":true,"href":"https:\/\/linitiative.ca\/International\/wp-json\/wp\/v2\/tags?post=122756"}],"curies":[{"name":"wp","href":"https:\/\/api.w.org\/{rel}","templated":true}]}}