{"id":122758,"date":"2021-07-29T16:18:02","date_gmt":"2021-07-29T20:18:02","guid":{"rendered":"https:\/\/linitiative.ca\/International\/media-ivoirien-lancement-de-lebony-2021-prevu-du-17-au-19-decembre\/"},"modified":"2021-07-29T16:18:02","modified_gmt":"2021-07-29T20:18:02","slug":"media-ivoirien-lancement-de-lebony-2021-prevu-du-17-au-19-decembre","status":"publish","type":"post","link":"https:\/\/linitiative.ca\/International\/media-ivoirien-lancement-de-lebony-2021-prevu-du-17-au-19-decembre\/","title":{"rendered":"M\u00e9dia ivoirien: lancement de l\u2019Ebony 2021 pr\u00e9vu du 17 au 19 d\u00e9cembre"},"content":{"rendered":"<div>\n<p><img loading=\"lazy\" decoding=\"async\" width=\"720\" height=\"540\" src=\"https:\/\/linitiative.ca\/International\/wp-content\/uploads\/sites\/23\/2021\/07\/16275898828511.jpg\" class=\"attachment-post-thumbnail size-post-thumbnail wp-post-image\" alt=\"\" srcset=\"https:\/\/linitiative.ca\/International\/wp-content\/uploads\/sites\/23\/2021\/07\/16275898828511.jpg 720w, https:\/\/www.journalducameroun.com\/wp-content\/uploads\/2021\/07\/16275898828511-300x225.jpg 300w, https:\/\/www.journalducameroun.com\/wp-content\/uploads\/2021\/07\/16275898828511-587x440.jpg 587w, https:\/\/www.journalducameroun.com\/wp-content\/uploads\/2021\/07\/16275898828511-600x450.jpg 600w\" sizes=\"auto, (max-width: 720px) 100vw, 720px\"><\/p>\n<p>L&rsquo;Union nationale des journalistes de C\u00f4te d&rsquo;Ivoire  (Unjci), la fa\u00eeti\u00e8re de la presse ivoirienne, a lanc\u00e9 jeudi l&rsquo;Ebony 2021, un prix r\u00e9compensant les meilleurs journalistes, pr\u00e9vu du 17 au 19 d\u00e9cembre \u00e0 Yamoussoukro.<\/p>\n<p>Le Week-end des Ebony se tiendra les 17, 18 et 19 d\u00e9cembre 2021 \u00e0 Yamoussoukro, la capitale politique ivoirienne, a d\u00e9clar\u00e9 M. Jean-Claude Coulibaly, le pr\u00e9sident de l&rsquo;Unjci, \u00e0 la Maison de la presse d&rsquo;Abidjan lors du lancement de l&rsquo;\u00e9v\u00e9nement parrain\u00e9 \u00a0par M. Hien Si\u00e9, Directeur G\u00e9n\u00e9ral du Port Autonome d&rsquo;Abidjan (PAA)\u00a0<\/p>\n<p>Cette ann\u00e9e, les festivit\u00e9s de l&rsquo;Ebony se d\u00e9rouleront autour du th\u00e8me \u00ab Journalisme et Fake News : d\u00e9fi ou d\u00e9fiance \u00bb. Durant ces trois jours, les professionnels des m\u00e9dias r\u00e9fl\u00e9chiront sur les enjeux.\u00a0<\/p>\n<p>La journaliste Marie-Laure N&rsquo;Goran, 3e vice-pr\u00e9sident du Conseil ex\u00e9cutif de l&rsquo;Unjci, pr\u00e9side le Comit\u00e9 d&rsquo;organisation des Ebony.\u00a0<\/p>\n<p>Selon M. Hien Si\u00e9, le parrain de ce lancement, le th\u00e8me est \u00ab\u00a0vraiment d&rsquo;actualit\u00e9, car les fake news apparaissent aujourd&rsquo;hui comme le cancer des m\u00e9dias, tant elles s\u00e8ment la m\u00e9fiance et le doute dans l&rsquo;esprit des lecteurs et d\u00e9cr\u00e9dibilisent le m\u00e9tier du journalisme\u00a0\u00bb.<\/p>\n<p>Les fake news, ajoutera-t-il, \u00ab\u00a0fragilisent davantage la coh\u00e9sion dans nos soci\u00e9t\u00e9s en voie de d\u00e9veloppement\u00a0\u00bb. C&rsquo;est pourquoi les acteurs des m\u00e9dias doivent lutter contre ces infox diffus\u00e9es sur les r\u00e9seaux sociaux.\u00a0<\/p>\n<p>\u00ab\u00a0Vous \u00eates le barom\u00e8tre de la d\u00e9mocratie dans un \u00c9tat comme le n\u00f4tre et vous donnez de la visibilit\u00e9 aux actions de d\u00e9veloppement des institutions\u00a0\u00bb, a-t-il poursuivi, invitant les journalistes \u00e0 faire de l&rsquo;excellence un credo quotidien.\u00a0<\/p>\n<p>Le Grand Jury des Ebony 2021 est pr\u00e9sid\u00e9 par Alfred Dan Moussa, le directeur g\u00e9n\u00e9ral de l&rsquo;ISTC Polytechniques, ancien Pr\u00e9sident de l&rsquo;Observatoire de la libert\u00e9 de la presse, l&rsquo;\u00e9thique et de la d\u00e9ontologie (Olped). Son \u00e9quipe sera charg\u00e9e de d\u00e9signer les vainqueurs du concours, apr\u00e8s d\u00e9lib\u00e9ration.\u00a0<\/p>\n<p>\u00ab\u00a0Le Conseil ex\u00e9cutif que j&rsquo;ai l&rsquo;honneur de diriger a d\u00e9cid\u00e9 de fixer dans le marbre, la c\u00e9l\u00e9bration des festivit\u00e9s des Ebony, sur trois jours, depuis l&rsquo;\u00e9dition 2020. Passant ainsi d&rsquo;une seule soir\u00e9e comme \u00e0 l&rsquo;accoutum\u00e9e, \u00e0 tout un week-end consacr\u00e9 aux festivit\u00e9s\u00a0\u00bb, s&rsquo;est f\u00e9licit\u00e9 le pr\u00e9sident de l&rsquo;Unjci.<\/p>\n<p>Le journaliste d\u00e9sign\u00e9 Super Ebony lors de l&rsquo;\u00e9dition 2020 est Marcelle Aka. Le prix des Ebony distingue par ailleurs les professionnels des m\u00e9dias dans plusieurs productions et th\u00e9matiques, gr\u00e2ce \u00e0 des partenaires.\u00a0<\/p>\n<p>Cet article <a rel=\"nofollow\" href=\"https:\/\/www.journalducameroun.com\/media-ivoirien-lancement-de-lebony-2021-prevu-du-17-au-19-decembre\/\">M\u00e9dia ivoirien: lancement de l\u2019Ebony 2021 pr\u00e9vu du 17 au 19 d\u00e9cembre<\/a> est apparu en premier sur <a rel=\"nofollow\" href=\"https:\/\/www.journalducameroun.com\/\">Journal du Cameroun<\/a>.<\/p>\n<\/div>\n<p>Auteur: APA News<br \/>\n<a href=\"https:\/\/www.journalducameroun.com\/media-ivoirien-lancement-de-lebony-2021-prevu-du-17-au-19-decembre\/\">Cliquez ici pour lire l&rsquo;article depuis sa source.<\/a><\/p>\n","protected":false},"excerpt":{"rendered":"<p>L&rsquo;Union nationale des journalistes de C\u00f4te d&rsquo;Ivoire (Unjci), la fa\u00eeti\u00e8re de la presse ivoirienne, a lanc\u00e9 jeudi l&rsquo;Ebony 2021, un prix r\u00e9compensant les meilleurs journalistes, pr\u00e9vu du 17 au 19 d\u00e9cembre \u00e0 Yamoussoukro. Le Week-end des Ebony se tiendra les 17, 18 et 19 d\u00e9cembre 2021 \u00e0 Yamoussoukro, la capitale politique ivoirienne, a d\u00e9clar\u00e9 M. [&hellip;]<\/p>\n","protected":false},"author":1965,"featured_media":0,"comment_status":"closed","ping_status":"closed","sticky":false,"template":"","format":"standard","meta":{"fifu_image_url":"https:\/\/www.journalducameroun.com\/wp-content\/uploads\/2021\/07\/16275898828511.jpg","fifu_image_alt":"M\u00e9dia ivoirien: lancement de l\u2019Ebony 2021 pr\u00e9vu du 17 au 19 d\u00e9cembre","footnotes":""},"categories":[73,82],"tags":[],"class_list":["post-122758","post","type-post","status-publish","format-standard","hentry","category-actualite","category-cameroun"],"_links":{"self":[{"href":"https:\/\/linitiative.ca\/International\/wp-json\/wp\/v2\/posts\/122758","targetHints":{"allow":["GET"]}}],"collection":[{"href":"https:\/\/linitiative.ca\/International\/wp-json\/wp\/v2\/posts"}],"about":[{"href":"https:\/\/linitiative.ca\/International\/wp-json\/wp\/v2\/types\/post"}],"author":[{"embeddable":true,"href":"https:\/\/linitiative.ca\/International\/wp-json\/wp\/v2\/users\/1965"}],"replies":[{"embeddable":true,"href":"https:\/\/linitiative.ca\/International\/wp-json\/wp\/v2\/comments?post=122758"}],"version-history":[{"count":0,"href":"https:\/\/linitiative.ca\/International\/wp-json\/wp\/v2\/posts\/122758\/revisions"}],"wp:attachment":[{"href":"https:\/\/linitiative.ca\/International\/wp-json\/wp\/v2\/media?parent=122758"}],"wp:term":[{"taxonomy":"category","embeddable":true,"href":"https:\/\/linitiative.ca\/International\/wp-json\/wp\/v2\/categories?post=122758"},{"taxonomy":"post_tag","embeddable":true,"href":"https:\/\/linitiative.ca\/International\/wp-json\/wp\/v2\/tags?post=122758"}],"curies":[{"name":"wp","href":"https:\/\/api.w.org\/{rel}","templated":true}]}}