{"id":122761,"date":"2021-07-29T12:25:28","date_gmt":"2021-07-29T16:25:28","guid":{"rendered":"https:\/\/linitiative.ca\/International\/audiovisuel-le-japon-accord-un-don-de-725-millions-a-la-crtv-pour-renouveler-ses-infrastructures\/"},"modified":"2021-07-29T12:25:28","modified_gmt":"2021-07-29T16:25:28","slug":"audiovisuel-le-japon-accord-un-don-de-725-millions-a-la-crtv-pour-renouveler-ses-infrastructures","status":"publish","type":"post","link":"https:\/\/linitiative.ca\/International\/audiovisuel-le-japon-accord-un-don-de-725-millions-a-la-crtv-pour-renouveler-ses-infrastructures\/","title":{"rendered":"Audiovisuel : le Japon accord un don de 725 millions \u00e0 la Crtv pour renouveler ses infrastructures"},"content":{"rendered":"<div>\n<p>Un vent de neuf souffle au sein de la Cameroon radio and television (Crtv). En cause l\u2019octroi par le Japon d\u2019un don d\u2019un montant de 145 millions de yen soit environ 725 millions de Fcfa. La signature de l\u2019\u00e9change de note relatif \u00e0 cette dotation a eu lieu le 27 juillet 2021,\u00a0\u00a0entre le ministre de l\u2019Economie, de la Planification et de l\u2019Am\u00e9nagement du Territoire (Minepat), Alamine Ousmane Mey et l\u2019Ambassadeur du Japon au Cameroun,\u00a0\u00a0son Excellence Tsutomu Osawa. Ceci pour le financement du \u00ab\u00a0Projet pour l\u2019am\u00e9lioration de l\u2019\u00e9quipement de production des programmes TV de la Cameroon Radio and T\u00e9l\u00e9vision\u00a0\u00bb.<\/p>\n<p><strong>Lire aussi<\/strong> : <strong><a href=\"https:\/\/ecomatin.net\/la-crtv-va-acquerir-des-cartes-telephoniques-de-50-millions-de-f-pour-son-personnel-en-2021\/\">La Crtv va acqu\u00e9rir des cartes t\u00e9l\u00e9phoniques de 50 millions de F pour son personnel en 2021<\/a><\/strong><\/p>\n<p>Cette dotation en faveur du m\u00e9dia public camerounais lui permettra de se doter d\u2019une vingtaine d\u2019\u00e9quipements performants \u00e0 l\u2019effet d\u2019am\u00e9liorer la qualit\u00e9 des contenus audiovisuels, de diversifier les programmes et de gagner en temps dans le traitement et le rendu des informations. Chose que confirme son Excellence Tsutomu Osawa\u00a0: \u00ab\u00a0(\u2026) Le gouvernement du Japon a d\u00e9cid\u00e9 de financer ce projet pour soutenir la Crtv dans ses efforts pour am\u00e9liorer ses \u00e9quipements audiovisuels. Nous souhaitons que le soutien du Japon soit tr\u00e8s b\u00e9n\u00e9fique pour l\u2019am\u00e9lioration du syst\u00e8me audiovisuel du Cameroun\u00a0\u00bb.<\/p>\n<p>Pour le Minepat, ce don s\u2019inscrit dans \u00ab\u00a0la perspective de renforcer les infrastructures de la Crtv qui fait d\u00e9j\u00e0 un travail impressionnant et tr\u00e8s appr\u00e9ci\u00e9, pour davantage poursuivre ce travail avec en perspective l\u2019organisation de la Can TotalEnergies 2021. Les ressources financi\u00e8res qui seront mise \u00e0 disposition vont permettre de renforcer l\u2019action de la Crtv qui est au c\u0153ur de la nation mais qui veut aussi \u00eatre au c\u0153ur de la sous-r\u00e9gion, du continent et du monde \u00bb, a-il-confi\u00e9.<\/p>\n<p><strong>Lire aussi<\/strong> : <strong><a href=\"https:\/\/ecomatin.net\/la-crtv-va-depenser-112-millions-de-f-pour-lentretien-et-le-nettoyage-de-ses-locaux-a-travers-le-pays\/\">La Crtv va d\u00e9penser 112 millions de F pour l\u2019entretien et le nettoyage de ses locau<\/a>x \u00e0 travers le pays<\/strong><\/p>\n<p>La c\u00e9r\u00e9monie du jour s\u2019est tenue en pr\u00e9sence du ministre de la Communication, Ren\u00e9 Emmanuel Sadi, par ailleurs pr\u00e9sident du Conseil d\u2019administration de la Crtv,\u00a0\u00a0le minist\u00e8re d\u00e9l\u00e9gu\u00e9 aupr\u00e8s du Minepat, Paul Tasong.<\/p>\n<p>Rappelons que ce n\u2019est pas la premi\u00e8re fois que la Crtv re\u00e7oit un accompagnement de la part du Japon. L\u2019on se souvient que ce pays asiatique l\u2019avait accompagn\u00e9 dans le d\u00e9ploiement de ses infrastructures de communication. Notamment en 2007, lorsqu\u2019il avait particip\u00e9 \u00e0 la r\u00e9habilitation des \u00e9quipements radio FM du poste national et de quatre stations r\u00e9gionales.<\/p>\n<p><strong>Lire aussi<\/strong> : <strong><a href=\"https:\/\/ecomatin.net\/le-chiffre-daffaires-de-la-crtv-augmente-de-13-en-2019\/\">Le chiffre d\u2019affaires de la Crtv augmente de 13% en 2019<\/a><\/strong><\/p>\n<p>L\u2019article <a rel=\"nofollow\" href=\"https:\/\/ecomatin.net\/audiovisuel-le-le-japon-accord-un-don-de-725-millionss-a-la-crtv-pour-renouveler-ses-infrastructures\/\">Audiovisuel : le Japon accord un don de 725 millions \u00e0 la Crtv pour renouveler ses infrastructures<\/a> est apparu en premier sur <a rel=\"nofollow\" href=\"https:\/\/ecomatin.net\/\">EcoMatin<\/a>.<\/p>\n<\/div>\n<p>Auteur: Cindy MBALA<br \/>\n<a href=\"https:\/\/ecomatin.net\/audiovisuel-le-le-japon-accord-un-don-de-725-millionss-a-la-crtv-pour-renouveler-ses-infrastructures\/\">Cliquez ici pour lire l&rsquo;article depuis sa source.<\/a><\/p>\n","protected":false},"excerpt":{"rendered":"<p>Un vent de neuf souffle au sein de la Cameroon radio and television (Crtv). En cause l\u2019octroi par le Japon d\u2019un don d\u2019un montant de 145 millions de yen soit environ 725 millions de Fcfa. La signature de l\u2019\u00e9change de note relatif \u00e0 cette dotation a eu lieu le 27 juillet 2021,\u00a0\u00a0entre le ministre de [&hellip;]<\/p>\n","protected":false},"author":1969,"featured_media":0,"comment_status":"closed","ping_status":"closed","sticky":false,"template":"","format":"standard","meta":{"fifu_image_url":"","fifu_image_alt":"","footnotes":""},"categories":[82,78],"tags":[],"class_list":["post-122761","post","type-post","status-publish","format-standard","hentry","category-cameroun","category-economie"],"_links":{"self":[{"href":"https:\/\/linitiative.ca\/International\/wp-json\/wp\/v2\/posts\/122761","targetHints":{"allow":["GET"]}}],"collection":[{"href":"https:\/\/linitiative.ca\/International\/wp-json\/wp\/v2\/posts"}],"about":[{"href":"https:\/\/linitiative.ca\/International\/wp-json\/wp\/v2\/types\/post"}],"author":[{"embeddable":true,"href":"https:\/\/linitiative.ca\/International\/wp-json\/wp\/v2\/users\/1969"}],"replies":[{"embeddable":true,"href":"https:\/\/linitiative.ca\/International\/wp-json\/wp\/v2\/comments?post=122761"}],"version-history":[{"count":0,"href":"https:\/\/linitiative.ca\/International\/wp-json\/wp\/v2\/posts\/122761\/revisions"}],"wp:attachment":[{"href":"https:\/\/linitiative.ca\/International\/wp-json\/wp\/v2\/media?parent=122761"}],"wp:term":[{"taxonomy":"category","embeddable":true,"href":"https:\/\/linitiative.ca\/International\/wp-json\/wp\/v2\/categories?post=122761"},{"taxonomy":"post_tag","embeddable":true,"href":"https:\/\/linitiative.ca\/International\/wp-json\/wp\/v2\/tags?post=122761"}],"curies":[{"name":"wp","href":"https:\/\/api.w.org\/{rel}","templated":true}]}}