{"id":122763,"date":"2021-07-29T13:04:29","date_gmt":"2021-07-29T17:04:29","guid":{"rendered":"https:\/\/linitiative.ca\/International\/la-bad-va-financer-pour-50-milliards-la-strategie-dindustrialisation-de-la-filiere-bois-dans-le-bassin-du-congo\/"},"modified":"2021-07-29T13:04:29","modified_gmt":"2021-07-29T17:04:29","slug":"la-bad-va-financer-pour-50-milliards-la-strategie-dindustrialisation-de-la-filiere-bois-dans-le-bassin-du-congo","status":"publish","type":"post","link":"https:\/\/linitiative.ca\/International\/la-bad-va-financer-pour-50-milliards-la-strategie-dindustrialisation-de-la-filiere-bois-dans-le-bassin-du-congo\/","title":{"rendered":"La BAD va financer pour 50 milliards la strat\u00e9gie d\u2019industrialisation de la fili\u00e8re bois dans le Bassin du Congo"},"content":{"rendered":"<div>\n<p>Six mois apr\u00e8s la mise en \u0153uvre de la strat\u00e9gie d\u2019industrialisation durable de la fili\u00e8re bois dans les pays du Bassin du Congo, \u00e0 travers l\u2019adoption des textes relatifs au cadre institutionnel et r\u00e9glementaire le 27 janvier 2021, le Conseil des ministres de l\u2019Union des Etats de l\u2019Afrique Centrale (Ueac) s\u2019est r\u00e9uni mercredi dernier par visioconf\u00e9rence sous l\u2019\u00e9gide du ministre d\u00e9l\u00e9gu\u00e9 au minist\u00e8re de l\u2019Economie, de la Planification et de l\u2019Am\u00e9nagement du Territoire, Paul Tasong, repr\u00e9sentant du patron dudit d\u00e9partement minist\u00e9riel Alamine Ousmane Mey, par ailleurs pr\u00e9sident en exercice de l\u2019Ueac.<\/p>\n<p><strong>Lire aussi<\/strong> : <strong><a href=\"https:\/\/ecomatin.net\/les-pays-du-bassin-du-congo-veulent-interdire-lexportation-du-bois-en-grumes\/\">Les pays du bassin du Congo veulent interdire l\u2019exportation du bois en grumes<\/a><\/strong><\/p>\n<p>Il s\u2019est agi \u00e0 l\u2019occasion, de proc\u00e9der \u00e0 une \u00e9valuation de la strat\u00e9gie d\u2019industrialisation durable de la fili\u00e8re bois dans les pays du Bassin du Congo, et surtout de discuter avec l\u2019ensemble des Etats des m\u00e9canismes de financement de ladite strat\u00e9gie. D\u2019apr\u00e8s Paul Tasong, deux options de financements ont \u00e9t\u00e9 adopt\u00e9es. La premi\u00e8re d\u00e9coule d\u2019un avis favorable de la Banque Africaine de D\u00e9veloppement (BAD), qui s\u2019est engag\u00e9e \u00e0 financer la strat\u00e9gie \u00e0 hauteur de 50 milliards de F, tandis que la deuxi\u00e8me option rel\u00e8ve des initiatives propres aux Etats. Le lancement op\u00e9rationnel de la strat\u00e9gie est pr\u00e9vu pour le 1<sup>er<\/sup>\u00a0janvier 2022, et les Etats membres sont appel\u00e9s \u00e0 s\u2019investir dans la mobilisation et la s\u00e9curisation des ressources financi\u00e8res pour mettre en \u0153uvre ladite strat\u00e9gie, ayant d\u00e9j\u00e0 la garantie de l\u2019accompagnement de la BAD.<\/p>\n<p><strong>Lire aussi<\/strong> : <strong><a href=\"https:\/\/ecomatin.net\/ueac-la-relance-post-covid-en-etude\/\">Ueac : la relance post-covid en \u00e9tude<\/a><\/strong><\/p>\n<p>L\u2019on apprend par ailleurs qu\u2019\u00e0 l\u2019\u00e9valuation de la deuxi\u00e8me option de financement de la strat\u00e9gie, seuls quatre pays sur les sept qui composent le Bassin du Congo, ont d\u00e9j\u00e0 boucl\u00e9 des accords avec des partenaires financiers en vue de leurs contributions, et que les regards sont d\u00e9sormais tourn\u00e9s vers les trois autres.<\/p>\n<p><strong>Objectifs de la strat\u00e9gie<\/strong><\/p>\n<p>Il importe de pr\u00e9ciser que la strat\u00e9gie d\u2019industrialisation durable de la fili\u00e8re bois dans les pays du Bassin du Congo vise \u00e0\u00a0: accroitre les concessions \u00e0 exploiter, en passant de 50 millions d\u2019hectares en 2016 \u00e0 75 millions d\u2019hectares en 2030, sur une superficie totale exploitable de 100 millions d\u2019hectares\u00a0; \u00e0 intensifier les pr\u00e9l\u00e8vements en concession foresti\u00e8re pour atteindre 15 millions m3\/an, soit le double des donn\u00e9es statistiques actuelles\u00a0; \u00e0 d\u00e9velopper la premi\u00e8re transformation locale de bois de 66% actuellement \u00e0 100% en 2030 et les 2<sup>e<\/sup>\u00a0et 3<sup>e<\/sup>\u00a0transformations \u00e0 50% des produits issus de la 1<sup>\u00e8re<\/sup>\u00a0transformation\u00a0\u00e0 moyen terme\u00a0; \u00e0 cr\u00e9er 60.000 emplois suppl\u00e9mentaires passant ainsi de 40.000 emplois actuellement \u00e0 100.000 en 2030 dans le segment de la premi\u00e8re transformation et beaucoup plus dans la 2<sup>\u00e8me<\/sup>\u00a0et 3<sup>\u00e8me<\/sup>\u00a0transformation\u00a0; \u00e0 doubler la contribution du secteur bois aux PIB nationaux.<\/p>\n<p><strong>Lire aussi<\/strong> : <strong><a href=\"https:\/\/ecomatin.net\/contrebande-le-minfof-renforce-lla-lutte-contre-le-blanchimentt-du-boiss-illegal\/\">Contrebande : le Minfof renforce la lutte contre le blanchiment du bois ill\u00e9gal<\/a><\/strong><\/p>\n<p>Rappelons que les six pays de la Cemac et la RD Congo avaient d\u00e9cid\u00e9 de l\u2019interdiction d\u2019exportation des grumes de bois pour compter du 1<sup>er<\/sup>\u00a0janvier 2022, et qu\u2019une p\u00e9riode transitoire d\u2019un an a \u00e9t\u00e9 accord\u00e9e aux Etats afin qu\u2019ils puissent mat\u00e9rialiser cette d\u00e9cision.<\/p>\n<p>Pour m\u00e9moire, la strat\u00e9gie d\u2019industrialisation durable de la fili\u00e8re bois dans les pays du Bassin du Congo est n\u00e9e de la volont\u00e9 des chefs d\u2019Etat de la Cemac, qui avaient \u00e9mis le v\u0153u, lors d\u2019un sommet extraordinaire tenu le 23 d\u00e9cembre 2016 \u00e0 Yaound\u00e9, d\u2019intensifier les actions de diversification, en vue de mettre les \u00e9conomies de la Sous-r\u00e9gion sur les sentiers d\u2019une croissance dynamique et durable.<\/p>\n<p>L\u2019article <a rel=\"nofollow\" href=\"https:\/\/ecomatin.net\/la-bad-va-financer-pour-50-milliardss-la-la-strategie-dindustrialisation-de-la-filiere-bois-dans-le-bassin-du-congo\/\">La BAD va financer pour 50 milliards la strat\u00e9gie d\u2019industrialisation de la fili\u00e8re bois dans le Bassin du Congo<\/a> est apparu en premier sur <a rel=\"nofollow\" href=\"https:\/\/ecomatin.net\/\">EcoMatin<\/a>.<\/p>\n<\/div>\n<p>Auteur: Yannick KENNE<br \/>\n<a href=\"https:\/\/ecomatin.net\/la-bad-va-financer-pour-50-milliardss-la-la-strategie-dindustrialisation-de-la-filiere-bois-dans-le-bassin-du-congo\/\">Cliquez ici pour lire l&rsquo;article depuis sa source.<\/a><\/p>\n","protected":false},"excerpt":{"rendered":"<p>Six mois apr\u00e8s la mise en \u0153uvre de la strat\u00e9gie d\u2019industrialisation durable de la fili\u00e8re bois dans les pays du Bassin du Congo, \u00e0 travers l\u2019adoption des textes relatifs au cadre institutionnel et r\u00e9glementaire le 27 janvier 2021, le Conseil des ministres de l\u2019Union des Etats de l\u2019Afrique Centrale (Ueac) s\u2019est r\u00e9uni mercredi dernier par [&hellip;]<\/p>\n","protected":false},"author":1969,"featured_media":0,"comment_status":"closed","ping_status":"closed","sticky":false,"template":"","format":"standard","meta":{"fifu_image_url":"","fifu_image_alt":"","footnotes":""},"categories":[82,78],"tags":[],"class_list":["post-122763","post","type-post","status-publish","format-standard","hentry","category-cameroun","category-economie"],"_links":{"self":[{"href":"https:\/\/linitiative.ca\/International\/wp-json\/wp\/v2\/posts\/122763","targetHints":{"allow":["GET"]}}],"collection":[{"href":"https:\/\/linitiative.ca\/International\/wp-json\/wp\/v2\/posts"}],"about":[{"href":"https:\/\/linitiative.ca\/International\/wp-json\/wp\/v2\/types\/post"}],"author":[{"embeddable":true,"href":"https:\/\/linitiative.ca\/International\/wp-json\/wp\/v2\/users\/1969"}],"replies":[{"embeddable":true,"href":"https:\/\/linitiative.ca\/International\/wp-json\/wp\/v2\/comments?post=122763"}],"version-history":[{"count":0,"href":"https:\/\/linitiative.ca\/International\/wp-json\/wp\/v2\/posts\/122763\/revisions"}],"wp:attachment":[{"href":"https:\/\/linitiative.ca\/International\/wp-json\/wp\/v2\/media?parent=122763"}],"wp:term":[{"taxonomy":"category","embeddable":true,"href":"https:\/\/linitiative.ca\/International\/wp-json\/wp\/v2\/categories?post=122763"},{"taxonomy":"post_tag","embeddable":true,"href":"https:\/\/linitiative.ca\/International\/wp-json\/wp\/v2\/tags?post=122763"}],"curies":[{"name":"wp","href":"https:\/\/api.w.org\/{rel}","templated":true}]}}