{"id":122765,"date":"2021-07-30T10:36:35","date_gmt":"2021-07-30T14:36:35","guid":{"rendered":"https:\/\/linitiative.ca\/International\/sahara-un-gisement-de-croissance\/"},"modified":"2021-07-30T10:36:35","modified_gmt":"2021-07-30T14:36:35","slug":"sahara-un-gisement-de-croissance","status":"publish","type":"post","link":"https:\/\/linitiative.ca\/International\/sahara-un-gisement-de-croissance\/","title":{"rendered":"Sahara, un gisement de croissance"},"content":{"rendered":"<div>\n<p><img decoding=\"async\" width=\"300\" height=\"153\" src=\"https:\/\/linitiative.ca\/International\/wp-content\/uploads\/sites\/23\/2021\/07\/Le-nouveau-port-de-Dakhla-Atlantique-300x153-1.jpg\" class=\"attachment-medium size-medium wp-post-image\" alt=\"\" loading=\"lazy\" srcset=\"\/\/aujourdhui.ma\/wp-content\/uploads\/2021\/01\/Le-nouveau-port-de-Dakhla-Atlantique-300x153.jpg 300w, \/\/aujourdhui.ma\/wp-content\/uploads\/2021\/01\/Le-nouveau-port-de-Dakhla-Atlantique-274x140.jpg 274w, \/\/aujourdhui.ma\/wp-content\/uploads\/2021\/01\/Le-nouveau-port-de-Dakhla-Atlantique-746x380.jpg 746w, \/\/aujourdhui.ma\/wp-content\/uploads\/2021\/01\/Le-nouveau-port-de-Dakhla-Atlantique-165x84.jpg 165w, \/\/aujourdhui.ma\/wp-content\/uploads\/2021\/01\/Le-nouveau-port-de-Dakhla-Atlantique-702x358.jpg 702w, \/\/aujourdhui.ma\/wp-content\/uploads\/2021\/01\/Le-nouveau-port-de-Dakhla-Atlantique.jpg 747w\" sizes=\"auto, (max-width: 300px) 100vw, 300px\"><\/p>\n<p><strong>\u00c9nergies, infrastructures, tourisme\u2026 les provinces du sud du Royaume sont plus que jamais au coeur de la strat\u00e9gie \u00e9conomique du Maroc. Dans le discours adress\u00e9 \u00e0 la Nation \u00e0 l\u2019occasion du 45\u00e8me anniversaire de la glorieuse Marche Verte, SM le Roi a d\u00e9voil\u00e9 les contours d\u2019un v\u00e9ritable plan de d\u00e9veloppement pour le Sahara marocain.<\/strong><span id=\"more-382989\"><\/span> Il faut dire que le volet \u00e9conomique a \u00e9t\u00e9 tr\u00e8s pr\u00e9sent dans le discours prononc\u00e9 par le Souverain \u00e0 l\u2019occasion de l\u2019anniversaire de la Marche Verte. \u00abNotre engagement \u00e0 consolider la marocanit\u00e9 du Sahara au niveau international n\u2019a d\u2019\u00e9gal que Notre action soutenue pour que Nos provinces sahraouies deviennent un moteur du d\u00e9veloppement r\u00e9gional et continental.<\/p>\n<p>Aussi, afin de parachever les grands projets en cours de r\u00e9alisation dans Nos provinces du Sud, le moment est venu de mettre en valeur les nombreuses potentialit\u00e9s que rec\u00e8le leur domaine maritime\u00bb, a indiqu\u00e9 SM le Roi rappelant qu\u2019au cours de \u00abcette ann\u00e9e, et en totale conformit\u00e9 avec les principes du droit international, le Maroc a men\u00e9 \u00e0 terme la d\u00e9limitation de ses espaces maritimes, en les incorporant dans l\u2019arsenal juridique marocain\u00bb.<\/p>\n<p>Dans ce sens, le Souverain a fait savoir que \u00able Maroc poursuivra, avec constance, le dialogue engag\u00e9 avec notre voisin, l\u2019Espagne, au sujet des zones de chevauchement des eaux territoriales des deux pays amis. Ce dialogue s\u2019inscrira dans le cadre du droit de la mer et respectera le partenariat qui les unit, loin de toute volont\u00e9 unilat\u00e9rale d\u2019imposer le fait accompli. De fait, en d\u00e9finissant clairement le cadre et les fronti\u00e8res des espaces maritimes plac\u00e9s sous la souverainet\u00e9 du Royaume, le plan mis en \u0153uvre pour impulser l\u2019essor socio-\u00e9conomique de la r\u00e9gion sera indubitablement consolid\u00e9\u00bb.<\/p>\n<p>Par ailleurs, les provinces du Sud sont appel\u00e9es \u00e0 jouer un r\u00f4le de premier plan dans le d\u00e9veloppement du pays. \u00abLa fa\u00e7ade atlantique Sud du Royaume, situ\u00e9e face au Sahara marocain, constituera une interface maritime d\u2019int\u00e9gration \u00e9conomique et un foyer de rayonnement continental et international. De fait, d\u2019ores et d\u00e9j\u00e0 Tanger-Med est reconnu comme le premier port en Afrique ; le port Dakhla Atlantique contribuera \u00e0 consacrer cette tendance\u00bb, a ajout\u00e9 SM le Roi. Par ailleurs, \u00abNous continuerons \u00e0 \u0153uvrer pour le d\u00e9veloppement d\u2019une v\u00e9ritable \u00e9conomie maritime dans ces territoires que Nous ch\u00e9rissons tant. Cette zone qui abonde en ressources et en potentialit\u00e9s, sur terre comme en mer, servira ainsi de passerelle et de trait d\u2019union entre le Maroc et sa profondeur africaine.<\/p>\n<p>A cet \u00e9gard, il importe d\u2019investir dans les espaces maritimes, tant pour le dessalement de l\u2019eau de mer que pour l\u2019exploitation des \u00e9nergies renouvelables d\u2019origine \u00e9olienne ou hydrolienne\u00bb, a annonc\u00e9 le Souverain. Et SM le Roi de conclure : \u00abEn parall\u00e8le, il faut continuer \u00e0 promouvoir le secteur de la p\u00eache maritime, compte tenu de son r\u00f4le dans le d\u00e9veloppement de l\u2019\u00e9conomie de la r\u00e9gion. Par ailleurs, pour que le Plan Azur devienne un levier strat\u00e9gique au service de la relance du secteur touristique dans la r\u00e9gion et pour que celle-ci s\u2019affirme comme une v\u00e9ritable destination du tourisme baln\u00e9aire, il importe de lui insuffler une nouvelle dynamique\u00bb.<\/p>\n<\/div>\n<p>Auteur: ALM<br \/>\n<a href=\"https:\/\/aujourdhui.ma\/politique\/sahara-un-gisement-de-croissance\">Cliquez ici pour lire l&rsquo;article depuis sa source.<\/a><\/p>\n","protected":false},"excerpt":{"rendered":"<p>\u00c9nergies, infrastructures, tourisme\u2026 les provinces du sud du Royaume sont plus que jamais au coeur de la strat\u00e9gie \u00e9conomique du Maroc. Dans le discours adress\u00e9 \u00e0 la Nation \u00e0 l\u2019occasion du 45\u00e8me anniversaire de la glorieuse Marche Verte, SM le Roi a d\u00e9voil\u00e9 les contours d\u2019un v\u00e9ritable plan de d\u00e9veloppement pour le Sahara marocain. Il [&hellip;]<\/p>\n","protected":false},"author":1759,"featured_media":0,"comment_status":"closed","ping_status":"closed","sticky":false,"template":"","format":"standard","meta":{"fifu_image_url":"https:\/\/aujourdhui.ma\/wp-content\/uploads\/2021\/01\/Le-nouveau-port-de-Dakhla-Atlantique-300x153.jpg","fifu_image_alt":"Sahara, un gisement de croissance","footnotes":""},"categories":[73,54],"tags":[],"class_list":["post-122765","post","type-post","status-publish","format-standard","hentry","category-actualite","category-maroc"],"_links":{"self":[{"href":"https:\/\/linitiative.ca\/International\/wp-json\/wp\/v2\/posts\/122765","targetHints":{"allow":["GET"]}}],"collection":[{"href":"https:\/\/linitiative.ca\/International\/wp-json\/wp\/v2\/posts"}],"about":[{"href":"https:\/\/linitiative.ca\/International\/wp-json\/wp\/v2\/types\/post"}],"author":[{"embeddable":true,"href":"https:\/\/linitiative.ca\/International\/wp-json\/wp\/v2\/users\/1759"}],"replies":[{"embeddable":true,"href":"https:\/\/linitiative.ca\/International\/wp-json\/wp\/v2\/comments?post=122765"}],"version-history":[{"count":0,"href":"https:\/\/linitiative.ca\/International\/wp-json\/wp\/v2\/posts\/122765\/revisions"}],"wp:attachment":[{"href":"https:\/\/linitiative.ca\/International\/wp-json\/wp\/v2\/media?parent=122765"}],"wp:term":[{"taxonomy":"category","embeddable":true,"href":"https:\/\/linitiative.ca\/International\/wp-json\/wp\/v2\/categories?post=122765"},{"taxonomy":"post_tag","embeddable":true,"href":"https:\/\/linitiative.ca\/International\/wp-json\/wp\/v2\/tags?post=122765"}],"curies":[{"name":"wp","href":"https:\/\/api.w.org\/{rel}","templated":true}]}}